{"id":5492,"date":"2025-05-12T10:51:07","date_gmt":"2025-05-12T14:51:07","guid":{"rendered":"https:\/\/www.calian.com\/resources\/blogs\/mental-health-for-first-responders\/"},"modified":"2025-09-25T10:23:55","modified_gmt":"2025-09-25T14:23:55","slug":"mental-health-for-first-responders","status":"publish","type":"blog","link":"https:\/\/www.calian.com\/resources\/fr\/blogues\/mental-health-for-first-responders\/","title":{"rendered":"Red\u00e9finir la force : ouvrir la voie \u00e0 la sant\u00e9 mentale pour les premiers intervenants"},"content":{"rendered":"\n<div class=\"tbk-hydrate-component\" data-cid=\"39a9ad81-c662-4f2c-a866-3fdd615ad26b\" data-component=\"CalianContainer\"><div class=\"calian-container wp-block-calian-com-components-calian-container\"><div>\n<div class=\"tbk-hydrate-component\" data-cid=\"7292c348-7e86-44dd-9c71-1667e9628404\" data-component=\"Spacer\"><div class=\"calian-spacer wp-block-calian-com-components-calian-spacer\"><\/div><\/div>\n\n\n\n<p>Les premiers intervenants consacrent leur vie au service des autres, faisant souvent face \u00e0 des situations de haute pression que la plupart d&#8217;entre nous peuvent difficilement imaginer. Les policiers, les auxiliaires m\u00e9dicaux, les pompiers et les r\u00e9partiteurs constituent l&#8217;\u00e9pine dorsale de nos syst\u00e8mes d&#8217;intervention d&#8217;urgence, assurant la s\u00e9curit\u00e9 publique et sauvant des vies chaque jour. Pourtant, malgr\u00e9 l&#8217;importance du travail qu&#8217;ils accomplissent, le lourd tribut pay\u00e9 \u00e0 la sant\u00e9 mentale et physique des premiers intervenants est souvent ignor\u00e9 ou n\u00e9glig\u00e9.    <\/p>\n\n\n\n<p>Selon un rapport du gouvernement canadien, les travailleurs occupant des emplois \u00e0 haut risque, tels que les premiers intervenants, sont <a href=\"https:\/\/health-infobase.canada.ca\/ptsd\/lost-time-claims\/\">davantage expos\u00e9s au SSPT et \u00e0 d&#8217;autres troubles de la sant\u00e9 mentale<\/a>. Il est essentiel de mettre en place des syst\u00e8mes de soutien solides pour les premiers intervenants, non seulement pour leur bien-\u00eatre, mais aussi pour la durabilit\u00e9 des services qu&#8217;ils fournissent. Ce blog explore les obstacles syst\u00e9miques aux soins de sant\u00e9 mentale pour les premiers intervenants &#8211; y compris les attitudes n\u00e9gatives \u00e0 l&#8217;\u00e9gard des probl\u00e8mes de sant\u00e9 mentale et la honte int\u00e9rioris\u00e9e &#8211; et d\u00e9crit les mesures que les organisations peuvent prendre pour favoriser une main-d&#8217;\u0153uvre plus saine et plus r\u00e9siliente.    <\/p>\n\n\n\n<h3 class=\"wp-block-heading\">La stigmatisation de la sant\u00e9 mentale touche les premiers intervenants<\/h3>\n\n\n\n<p>Malgr\u00e9 les progr\u00e8s r\u00e9alis\u00e9s en mati\u00e8re de sensibilisation \u00e0 la sant\u00e9 mentale, la stigmatisation reste un obstacle. Par exemple, de nombreux premiers intervenants disent craindre que le fait d&#8217;admettre qu&#8217;ils ont des probl\u00e8mes de sant\u00e9 mentale ne nuise \u00e0 leur r\u00e9putation ou ne limite leurs possibilit\u00e9s d&#8217;avancement. Souvent, c&#8217;est envers soi-m\u00eame que la stigmatisation est la plus forte ; la peur peut \u00eatre int\u00e9rioris\u00e9e et conduire \u00e0 des sentiments de honte, ce qui entra\u00eene une <strong>auto-stigmatisation<\/strong> et conduit les policiers, les ambulanciers, les pompiers et les r\u00e9partiteurs \u00e0 r\u00e9primer leurs \u00e9motions et \u00e0 \u00e9viter compl\u00e8tement les conversations sur la sant\u00e9 mentale.  <\/p>\n\n\n\n<h3 class=\"wp-block-heading\">Am\u00e9liorer la culture organisationnelle<\/h3>\n\n\n\n<p>Les gens peuvent \u00eatre r\u00e9ticents \u00e0 discuter de leurs difficult\u00e9s avec leurs coll\u00e8gues et leurs sup\u00e9rieurs et \u00e0 acc\u00e9der aux aides ou aux services internes. Des d\u00e9clarations telles que &#8220;Je pr\u00e9f\u00e9rerais parler \u00e0 mon m\u00e9decin de famille plut\u00f4t qu&#8217;au prestataire de soins de sant\u00e9 de mon entreprise&#8221; sont courantes, soulignant un manque de confiance dans les syst\u00e8mes de soutien sur le lieu de travail.   <\/p>\n\n\n\n<p>Cette culture du silence cr\u00e9e un foss\u00e9 dangereux, laissant les probl\u00e8mes de sant\u00e9 mentale sans traitement et s&#8217;aggravant avec le temps. Les organisations doivent promouvoir la sant\u00e9 mentale et la r\u00e9silience comme une responsabilit\u00e9 collective, instaurer la confiance et assurer la s\u00e9curit\u00e9 psychologique pour encourager les premiers intervenants \u00e0 demander de l&#8217;aide.   <\/p>\n\n\n\n<p>Cette question s&#8217;adresse aux \u00e9quipes dirigeantes des services de s\u00e9curit\u00e9 publique et des professions \u00e0 haut risque, o\u00f9 qu&#8217;elles se trouvent : Que signifie la <strong>s\u00e9curit\u00e9 psychologique<\/strong> au sein de votre organisation ?  <\/p>\n\n\n\n<p>La <strong>s\u00e9curit\u00e9 psychologique<\/strong> consiste \u00e0 cr\u00e9er un environnement qui favorise le bien-\u00eatre et o\u00f9 les individus peuvent parler ouvertement de leur sant\u00e9 mentale sans craindre d&#8217;\u00eatre jug\u00e9s ou de subir des cons\u00e9quences professionnelles.  <\/p>\n\n\n\n<p>Le leadership joue un r\u00f4le crucial dans la cr\u00e9ation d&#8217;une culture organisationnelle, en donnant le ton depuis le sommet. Lorsque les hauts responsables de la s\u00e9curit\u00e9 publique font preuve de vuln\u00e9rabilit\u00e9, par exemple en ayant des conversations franches et personnelles sur la sant\u00e9 mentale ou en donnant la priorit\u00e9 \u00e0 des initiatives dans ce domaine, ils envoient un message fort : la recherche d&#8217;un soutien est valoris\u00e9e et non stigmatis\u00e9e.   <\/p>\n\n\n\n<p>Une formation r\u00e9guli\u00e8re sur la r\u00e9silience et la compassion peut \u00e9galement \u00e9largir la compr\u00e9hension des probl\u00e8mes de sant\u00e9 mentale, accro\u00eetre les connaissances et r\u00e9duire la stigmatisation en normalisant les conversations sur la sant\u00e9 mentale. Les r\u00e9seaux de soutien par les pairs et les programmes de mentorat peuvent offrir des espaces s\u00fbrs pour des conversations honn\u00eates tout en d\u00e9veloppant la camaraderie entre les policiers, les pompiers, les ambulanciers et les r\u00e9partiteurs.   <\/p>\n\n\n\n<p>Changer la culture pour valoriser le bien-\u00eatre mental n&#8217;est pas une solution miracle. Il faut un effort concert\u00e9 et soutenu pour d\u00e9montrer que le soutien \u00e0 la sant\u00e9 mentale est aussi crucial que le maintien de la pr\u00e9paration physique pour le travail de premier intervenant.   <\/p>\n\n\n\n<h3 class=\"wp-block-heading\">Acc\u00e8s aux soins de sant\u00e9 mentale<\/h3>\n\n\n\n<p>M\u00eame lorsque les premiers intervenants sont pr\u00eats \u00e0 demander de l&#8217;aide, la logistique les en emp\u00eache souvent. Les conflits li\u00e9s aux horaires, les disparit\u00e9s g\u00e9ographiques et les longs d\u00e9lais d&#8217;attente sont des obstacles majeurs \u00e0 l&#8217;accessibilit\u00e9 des soins de sant\u00e9 mentale pour les professionnels de la s\u00e9curit\u00e9 publique :   <\/p>\n\n\n\n<p><strong>Conflits li\u00e9s aux horaires<\/strong>: Les horaires exigeants, les heures impr\u00e9visibles et les gardes successives rendent difficile la continuit\u00e9 des soins. Lorsque vous sauvez des vies \u00e0 3 heures du matin, trouver du temps pour une s\u00e9ance de th\u00e9rapie le mardi \u00e0 14 heures n&#8217;est tout simplement pas possible.   <\/p>\n\n\n\n<p><strong>Les disparit\u00e9s g\u00e9ographiques :<\/strong> M\u00eame dans les zones urbaines, il peut \u00eatre difficile de trouver des professionnels de la sant\u00e9 mentale form\u00e9s pour comprendre la culture, les pressions et les traumatismes propres aux fonctions de s\u00e9curit\u00e9 publique. Cette situation est encore plus prononc\u00e9e dans les communaut\u00e9s rurales et \u00e9loign\u00e9es &#8211; laissant les premiers intervenants dans les r\u00e9gions mal desservies avec peu d&#8217;options significatives pour des services en personne.   <\/p>\n\n\n\n<p><strong>De longs d\u00e9lais d&#8217;attente :<\/strong> M\u00eame dans les r\u00e9gions bien dot\u00e9es en ressources, la simple demande de services peut se traduire par des listes d&#8217;attente qui s&#8217;\u00e9tirent sur des semaines, voire des mois. Pour les premiers intervenants en situation de crise, ce d\u00e9lai peut \u00eatre d\u00e9vastateur.   <\/p>\n\n\n\n<p>L&#8217;acc\u00e8s doit \u00e9galement s&#8217;\u00e9tendre au-del\u00e0 de l&#8217;individu pour inclure sa famille, qui est in\u00e9vitablement affect\u00e9e par les r\u00f4les \u00e9motionnellement \u00e9prouvants du travail de s\u00e9curit\u00e9 publique. Des soins centr\u00e9s sur la famille peuvent apporter un soutien significatif \u00e0 ceux qui essaient de comprendre et d&#8217;aider leurs proches.   <\/p>\n\n\n\n<p>Il est essentiel de s&#8217;attaquer \u00e0 ces obstacles pour garantir que les premiers intervenants et leurs familles re\u00e7oivent le soutien dont ils ont besoin en mati\u00e8re de sant\u00e9 mentale, r\u00e9duire l&#8217;absent\u00e9isme, am\u00e9liorer les performances et la fid\u00e9lisation, et cr\u00e9er des \u00e9quipes plus saines et plus r\u00e9silientes.  <\/p>\n\n\n\n<h3 class=\"wp-block-heading\">Ce que les responsables de la s\u00e9curit\u00e9 publique peuvent faire pour la sant\u00e9 mentale<\/h3>\n\n\n\n<p>Les d\u00e9fis auxquels sont confront\u00e9s les premiers intervenants ne dispara\u00eetront pas du jour au lendemain, mais de petites mesures intentionnelles prises par les organisations et les d\u00e9cideurs politiques peuvent permettre de r\u00e9aliser des progr\u00e8s significatifs. Voici o\u00f9 nous devons commencer :   <\/p>\n\n\n\n<ul class=\"wp-block-list\">\n<li><strong>Se faire le champion du changement de culture<\/strong>  <\/li>\n<\/ul>\n\n\n\n<p>Briser le silence autour de la sant\u00e9 mentale en encourageant les dirigeants \u00e0 parler ouvertement de la sant\u00e9 mentale et \u00e0 renforcer constamment la valeur du bien-\u00eatre.  <\/p>\n\n\n\n<ul class=\"wp-block-list\">\n<li><strong>Obliger \u00e0 des v\u00e9rifications de routine<\/strong>  <\/li>\n<\/ul>\n\n\n\n<p>Mettez en \u0153uvre des programmes proactifs de sant\u00e9 mentale, tels que des visites ou des \u00e9valuations psychologiques programm\u00e9es avec les premiers intervenants apr\u00e8s des quarts de travail exigeants ou dans le cadre d&#8217;une routine de bien-\u00eatre, afin de normaliser les comportements de recherche de soutien.  <\/p>\n\n\n\n<ul class=\"wp-block-list\">\n<li><strong>Am\u00e9liorer les structures de financement<\/strong>  <\/li>\n<\/ul>\n\n\n\n<p>Faites pression pour que les politiques garantissent le financement des soins pr\u00e9ventifs, des th\u00e9rapies et des programmes de sant\u00e9 mentale incluant les familles et adapt\u00e9s aux besoins des policiers, des auxiliaires m\u00e9dicaux, des pompiers et des r\u00e9partiteurs. Les soins pr\u00e9ventifs permettent d&#8217;\u00e9conomiser de l&#8217;argent, d&#8217;am\u00e9liorer le moral et de renforcer la confiance et l&#8217;engagement au sein de l&#8217;organisation.   <\/p>\n\n\n\n<ul class=\"wp-block-list\">\n<li><strong>Favoriser la cr\u00e9ation d&#8217;une communaut\u00e9 pour les familles et les retrait\u00e9s<\/strong>  <\/li>\n<\/ul>\n\n\n\n<p>Mettez en place des ateliers, des r\u00e9seaux de pairs et des prestations permanentes qui r\u00e9pondent aux besoins sp\u00e9cifiques des familles et des retrait\u00e9s. Le passage \u00e0 la retraite ne doit pas signifier la perte d&#8217;acc\u00e8s \u00e0 des soins de sant\u00e9 mentale essentiels.   <\/p>\n\n\n\n<h3 class=\"wp-block-heading\">Cr\u00e9er des environnements s\u00fbrs et favorables pour les premiers intervenants<\/h3>\n\n\n\n<p>Pour briser le silence qui entoure la sant\u00e9 mentale dans les professions de la s\u00e9curit\u00e9 publique, il faut d&#8217;abord reconna\u00eetre les obstacles syst\u00e9miques et \u00e9tendre la responsabilit\u00e9 \u00e0 l&#8217;ensemble du leadership. La cr\u00e9ation d&#8217;environnements qui favorisent la r\u00e9silience, normalisent la demande d&#8217;aide et donnent la priorit\u00e9 aux solutions proactives est essentielle pour assurer le bien-\u00eatre de ceux qui sont en premi\u00e8re ligne de la gestion de crise. Les initiatives doivent se concentrer sur la formation et favoriser le soutien non seulement au niveau individuel, mais aussi au niveau de l&#8217;organisation. S&#8217;attaquer \u00e0 ces obstacles, ce n&#8217;est pas seulement am\u00e9liorer le bien-\u00eatre des individus, c&#8217;est aussi cr\u00e9er des organisations plus fortes et plus saines, capables de servir et de prot\u00e9ger nos communaut\u00e9s avec le m\u00eame d\u00e9vouement que celui dont font preuve nos premiers intervenants.     <\/p>\n\n\n\n<p>Chez Calian, nous travaillons en \u00e9troite collaboration avec les organismes de s\u00e9curit\u00e9 publique afin de constituer des \u00e9quipes plus fortes et plus r\u00e9sistantes d\u00e8s le premier jour. Nos services psychologiques sont con\u00e7us pour relever les d\u00e9fis et aider les premiers intervenants \u00e0 s&#8217;\u00e9panouir.   <\/p>\n\n\n\n<p><strong>\u00cates-vous pr\u00eat \u00e0 faire la diff\u00e9rence ?<\/strong>  Contactez notre \u00e9quipe pour obtenir des strat\u00e9gies personnalis\u00e9es pour la mise en \u0153uvre de programmes de sant\u00e9 mentale adapt\u00e9s \u00e0 vos besoins organisationnels sp\u00e9cifiques.  <\/p>\n\n\n\n<p>Visitez le site <a href=\"https:\/\/www.calian.com\/health\/fr\/services-de-sante\/services-psychologiques\/\" target=\"_blank\" rel=\"noreferrer noopener\">Calian&#8217;s Psychological Services<\/a> pour en savoir plus.  <\/p>\n\n\n\n<div class=\"tbk-hydrate-component\" data-cid=\"4b243daf-cf82-4f9b-ba68-614c7d8e6700\" data-component=\"Spacer\"><div class=\"calian-spacer wp-block-calian-com-components-calian-spacer\"><\/div><\/div>\n<\/div><\/div><\/div>\n","protected":false},"excerpt":{"rendered":"<p>D\u00e9couvrez comment les responsables de la s\u00e9curit\u00e9 publique peuvent favoriser la sant\u00e9 mentale des premiers intervenants, lutter contre la stigmatisation et garantir l&#8217;acc\u00e8s aux soins.<\/p>\n","protected":false},"featured_media":4566,"template":"","business_unit":[124],"solution":[150],"industry":[144],"type_classification":[],"class_list":["post-5492","blog","type-blog","status-publish","has-post-thumbnail","hentry","business_unit-sante","solution-soins-de-sante","industry-sante"],"acf":{"enable_related_resources_carousel":true,"related_resources_carousel_title":"Related Resources","related_resources_max_posts":3,"related_resources_max_per_type":0,"related_resources_override_solutions":[],"related_resources_override_industries":[],"related_resources_hide_excerpts":false},"yoast_head":"<!-- This site is optimized with the Yoast SEO plugin v26.4 - https:\/\/yoast.com\/wordpress\/plugins\/seo\/ -->\n<title>Sant\u00e9 mentale pour les premiers intervenants - Calian<\/title>\n<meta name=\"description\" content=\"Soutenir la sant\u00e9 mentale des premiers intervenants les aide \u00e0 s&#039;\u00e9panouir, que ce soit au travail ou en dehors. Mettez en \u0153uvre des programmes visant \u00e0 garantir le bien-\u00eatre psychologique.\" \/>\n<meta name=\"robots\" content=\"index, follow, max-snippet:-1, max-image-preview:large, max-video-preview:-1\" \/>\n<link rel=\"canonical\" href=\"https:\/\/www.calian.com\/resources\/fr\/blogues\/mental-health-for-first-responders\/\" \/>\n<meta property=\"og:locale\" content=\"fr_FR\" \/>\n<meta property=\"og:type\" content=\"article\" \/>\n<meta property=\"og:title\" content=\"Sant\u00e9 mentale pour les premiers intervenants - Calian\" \/>\n<meta property=\"og:description\" content=\"Soutenir la sant\u00e9 mentale des premiers intervenants les aide \u00e0 s&#039;\u00e9panouir, que ce soit au travail ou en dehors. Mettez en \u0153uvre des programmes visant \u00e0 garantir le bien-\u00eatre psychologique.\" \/>\n<meta property=\"og:url\" content=\"https:\/\/www.calian.com\/resources\/fr\/blogues\/mental-health-for-first-responders\/\" \/>\n<meta property=\"og:site_name\" content=\"Ressources\" \/>\n<meta property=\"article:modified_time\" content=\"2025-09-25T14:23:55+00:00\" \/>\n<meta property=\"og:image\" content=\"https:\/\/sites.calian.com\/app\/uploads\/sites\/11\/2025\/05\/AdobeStock_823414375-scaled-e1747063071721.jpeg\" \/>\n\t<meta property=\"og:image:width\" content=\"2560\" \/>\n\t<meta property=\"og:image:height\" content=\"1707\" \/>\n\t<meta property=\"og:image:type\" content=\"image\/jpeg\" \/>\n<meta name=\"twitter:card\" content=\"summary_large_image\" \/>\n<meta name=\"twitter:label1\" content=\"Est. reading time\" \/>\n\t<meta name=\"twitter:data1\" content=\"8 minutes\" \/>\n<script type=\"application\/ld+json\" class=\"yoast-schema-graph\">{\"@context\":\"https:\/\/schema.org\",\"@graph\":[{\"@type\":\"WebPage\",\"@id\":\"https:\/\/www.calian.com\/resources\/fr\/blogues\/mental-health-for-first-responders\/\",\"url\":\"https:\/\/www.calian.com\/resources\/fr\/blogues\/mental-health-for-first-responders\/\",\"name\":\"Sant\u00e9 mentale pour les premiers intervenants - Calian\",\"isPartOf\":{\"@id\":\"https:\/\/www.calian.com\/resources\/fr\/#website\"},\"primaryImageOfPage\":{\"@id\":\"https:\/\/www.calian.com\/resources\/fr\/blogues\/mental-health-for-first-responders\/#primaryimage\"},\"image\":{\"@id\":\"https:\/\/www.calian.com\/resources\/fr\/blogues\/mental-health-for-first-responders\/#primaryimage\"},\"thumbnailUrl\":\"https:\/\/sites.calian.com\/app\/uploads\/sites\/11\/2025\/05\/AdobeStock_823414375-scaled.jpeg\",\"datePublished\":\"2025-05-12T14:51:07+00:00\",\"dateModified\":\"2025-09-25T14:23:55+00:00\",\"description\":\"Soutenir la sant\u00e9 mentale des premiers intervenants les aide \u00e0 s'\u00e9panouir, que ce soit au travail ou en dehors. Mettez en \u0153uvre des programmes visant \u00e0 garantir le bien-\u00eatre psychologique.\",\"breadcrumb\":{\"@id\":\"https:\/\/www.calian.com\/resources\/fr\/blogues\/mental-health-for-first-responders\/#breadcrumb\"},\"inLanguage\":\"fr-FR\",\"potentialAction\":[{\"@type\":\"ReadAction\",\"target\":[\"https:\/\/www.calian.com\/resources\/fr\/blogues\/mental-health-for-first-responders\/\"]}]},{\"@type\":\"ImageObject\",\"inLanguage\":\"fr-FR\",\"@id\":\"https:\/\/www.calian.com\/resources\/fr\/blogues\/mental-health-for-first-responders\/#primaryimage\",\"url\":\"https:\/\/sites.calian.com\/app\/uploads\/sites\/11\/2025\/05\/AdobeStock_823414375-scaled.jpeg\",\"contentUrl\":\"https:\/\/sites.calian.com\/app\/uploads\/sites\/11\/2025\/05\/AdobeStock_823414375-scaled.jpeg\",\"width\":2560,\"height\":1707,\"caption\":\"first responders mental health\"},{\"@type\":\"BreadcrumbList\",\"@id\":\"https:\/\/www.calian.com\/resources\/fr\/blogues\/mental-health-for-first-responders\/#breadcrumb\",\"itemListElement\":[{\"@type\":\"ListItem\",\"position\":1,\"name\":\"Accueil\",\"item\":\"https:\/\/www.calian.com\/resources\/fr\/blogues\/\"},{\"@type\":\"ListItem\",\"position\":2,\"name\":\"Red\u00e9finir la force : ouvrir la voie \u00e0 la sant\u00e9 mentale pour les premiers intervenants\"}]},{\"@type\":\"WebSite\",\"@id\":\"https:\/\/www.calian.com\/resources\/fr\/#website\",\"url\":\"https:\/\/www.calian.com\/resources\/fr\/\",\"name\":\"Ressources\",\"description\":\"\",\"potentialAction\":[{\"@type\":\"SearchAction\",\"target\":{\"@type\":\"EntryPoint\",\"urlTemplate\":\"https:\/\/www.calian.com\/resources\/fr\/?s={search_term_string}\"},\"query-input\":{\"@type\":\"PropertyValueSpecification\",\"valueRequired\":true,\"valueName\":\"search_term_string\"}}],\"inLanguage\":\"fr-FR\"}]}<\/script>\n<!-- \/ Yoast SEO plugin. -->","yoast_head_json":{"title":"Sant\u00e9 mentale pour les premiers intervenants - Calian","description":"Soutenir la sant\u00e9 mentale des premiers intervenants les aide \u00e0 s'\u00e9panouir, que ce soit au travail ou en dehors. Mettez en \u0153uvre des programmes visant \u00e0 garantir le bien-\u00eatre psychologique.","robots":{"index":"index","follow":"follow","max-snippet":"max-snippet:-1","max-image-preview":"max-image-preview:large","max-video-preview":"max-video-preview:-1"},"canonical":"https:\/\/www.calian.com\/resources\/fr\/blogues\/mental-health-for-first-responders\/","og_locale":"fr_FR","og_type":"article","og_title":"Sant\u00e9 mentale pour les premiers intervenants - Calian","og_description":"Soutenir la sant\u00e9 mentale des premiers intervenants les aide \u00e0 s'\u00e9panouir, que ce soit au travail ou en dehors. Mettez en \u0153uvre des programmes visant \u00e0 garantir le bien-\u00eatre psychologique.","og_url":"https:\/\/www.calian.com\/resources\/fr\/blogues\/mental-health-for-first-responders\/","og_site_name":"Ressources","article_modified_time":"2025-09-25T14:23:55+00:00","og_image":[{"width":2560,"height":1707,"url":"https:\/\/sites.calian.com\/app\/uploads\/sites\/11\/2025\/05\/AdobeStock_823414375-scaled-e1747063071721.jpeg","type":"image\/jpeg"}],"twitter_card":"summary_large_image","twitter_misc":{"Est. reading time":"8 minutes"},"schema":{"@context":"https:\/\/schema.org","@graph":[{"@type":"WebPage","@id":"https:\/\/www.calian.com\/resources\/fr\/blogues\/mental-health-for-first-responders\/","url":"https:\/\/www.calian.com\/resources\/fr\/blogues\/mental-health-for-first-responders\/","name":"Sant\u00e9 mentale pour les premiers intervenants - Calian","isPartOf":{"@id":"https:\/\/www.calian.com\/resources\/fr\/#website"},"primaryImageOfPage":{"@id":"https:\/\/www.calian.com\/resources\/fr\/blogues\/mental-health-for-first-responders\/#primaryimage"},"image":{"@id":"https:\/\/www.calian.com\/resources\/fr\/blogues\/mental-health-for-first-responders\/#primaryimage"},"thumbnailUrl":"https:\/\/sites.calian.com\/app\/uploads\/sites\/11\/2025\/05\/AdobeStock_823414375-scaled.jpeg","datePublished":"2025-05-12T14:51:07+00:00","dateModified":"2025-09-25T14:23:55+00:00","description":"Soutenir la sant\u00e9 mentale des premiers intervenants les aide \u00e0 s'\u00e9panouir, que ce soit au travail ou en dehors. Mettez en \u0153uvre des programmes visant \u00e0 garantir le bien-\u00eatre psychologique.","breadcrumb":{"@id":"https:\/\/www.calian.com\/resources\/fr\/blogues\/mental-health-for-first-responders\/#breadcrumb"},"inLanguage":"fr-FR","potentialAction":[{"@type":"ReadAction","target":["https:\/\/www.calian.com\/resources\/fr\/blogues\/mental-health-for-first-responders\/"]}]},{"@type":"ImageObject","inLanguage":"fr-FR","@id":"https:\/\/www.calian.com\/resources\/fr\/blogues\/mental-health-for-first-responders\/#primaryimage","url":"https:\/\/sites.calian.com\/app\/uploads\/sites\/11\/2025\/05\/AdobeStock_823414375-scaled.jpeg","contentUrl":"https:\/\/sites.calian.com\/app\/uploads\/sites\/11\/2025\/05\/AdobeStock_823414375-scaled.jpeg","width":2560,"height":1707,"caption":"first responders mental health"},{"@type":"BreadcrumbList","@id":"https:\/\/www.calian.com\/resources\/fr\/blogues\/mental-health-for-first-responders\/#breadcrumb","itemListElement":[{"@type":"ListItem","position":1,"name":"Accueil","item":"https:\/\/www.calian.com\/resources\/fr\/blogues\/"},{"@type":"ListItem","position":2,"name":"Red\u00e9finir la force : ouvrir la voie \u00e0 la sant\u00e9 mentale pour les premiers intervenants"}]},{"@type":"WebSite","@id":"https:\/\/www.calian.com\/resources\/fr\/#website","url":"https:\/\/www.calian.com\/resources\/fr\/","name":"Ressources","description":"","potentialAction":[{"@type":"SearchAction","target":{"@type":"EntryPoint","urlTemplate":"https:\/\/www.calian.com\/resources\/fr\/?s={search_term_string}"},"query-input":{"@type":"PropertyValueSpecification","valueRequired":true,"valueName":"search_term_string"}}],"inLanguage":"fr-FR"}]}},"_links":{"self":[{"href":"https:\/\/resources.calian.com\/fr\/wp-json\/wp\/v2\/blog\/5492","targetHints":{"allow":["GET"]}}],"collection":[{"href":"https:\/\/resources.calian.com\/fr\/wp-json\/wp\/v2\/blog"}],"about":[{"href":"https:\/\/resources.calian.com\/fr\/wp-json\/wp\/v2\/types\/blog"}],"wp:featuredmedia":[{"embeddable":true,"href":"https:\/\/resources.calian.com\/fr\/wp-json\/wp\/v2\/media\/4566"}],"wp:attachment":[{"href":"https:\/\/resources.calian.com\/fr\/wp-json\/wp\/v2\/media?parent=5492"}],"wp:term":[{"taxonomy":"business_unit","embeddable":true,"href":"https:\/\/resources.calian.com\/fr\/wp-json\/wp\/v2\/business_unit?post=5492"},{"taxonomy":"solution","embeddable":true,"href":"https:\/\/resources.calian.com\/fr\/wp-json\/wp\/v2\/solution?post=5492"},{"taxonomy":"industry","embeddable":true,"href":"https:\/\/resources.calian.com\/fr\/wp-json\/wp\/v2\/industry?post=5492"},{"taxonomy":"type_classification","embeddable":true,"href":"https:\/\/resources.calian.com\/fr\/wp-json\/wp\/v2\/type_classification?post=5492"}],"curies":[{"name":"wp","href":"https:\/\/api.w.org\/{rel}","templated":true}]}}