{"id":5898,"date":"2026-01-12T10:31:47","date_gmt":"2026-01-12T15:31:47","guid":{"rendered":"https:\/\/www.calian.com\/resources\/blogs\/calian-cares-building-inclusive-indigenous-led-success-in-defence-and-beyond\/"},"modified":"2026-02-02T10:08:57","modified_gmt":"2026-02-02T15:08:57","slug":"calian-cares-building-inclusive-indigenous-led-success-in-defence-and-beyond","status":"publish","type":"blog","link":"https:\/\/www.calian.com\/resources\/fr\/blogues\/calian-cares-building-inclusive-indigenous-led-success-in-defence-and-beyond\/","title":{"rendered":"Calian CARES : Construire un succ\u00e8s inclusif et autochtone dans le domaine de la d\u00e9fense et au-del\u00e0"},"content":{"rendered":"\n<div class=\"tbk-hydrate-component\" data-cid=\"a0194025-cd48-44dc-8573-66871f76c3d9\" data-component=\"Spacer\"><div class=\"calian-spacer wp-block-calian-com-components-calian-spacer\"><\/div><\/div>\n\n<div class=\"tbk-hydrate-component\" data-cid=\"fd43ae51-c27b-404c-b6ec-d3883e4abb64\" data-component=\"CalianContainer\"><div class=\"calian-container wp-block-calian-com-components-calian-container\"><div>\n<h4 class=\"wp-block-heading\">Des partenariats fructueux aident les communaut\u00e9s autochtones \u00e0 se d\u00e9velopper, \u00e0 jouer un r\u00f4le de premier plan et \u00e0 r\u00e9ussir dans des secteurs essentiels<\/h4>\n\n\n\n<p>  L&#8217;engagement de Calian en faveur des populations autochtones repose sur une conviction fondamentale : la v\u00e9ritable r\u00e9conciliation se construit sur des relations, et non sur des listes de contr\u00f4le.  <\/p>\n\n\n\n<p>Guid\u00e9s par nos piliers d&#8217;<a href=\"https:\/\/sites.calian.com\/app\/uploads\/sites\/2\/2023\/04\/Indigenous-Engagement-Policy-.pdf\" target=\"_blank\" rel=\"noreferrer noopener\">\u00e9coute, d&#8217;apprentissage et d&#8217;exploitation,<\/a> nous consultons r\u00e9guli\u00e8rement les communaut\u00e9s autochtones, les fournisseurs et les partenaires \u00e0 travers le Canada pour \u00e9tablir des collaborations \u00e0 long terme &#8211; cr\u00e9ant des opportunit\u00e9s partag\u00e9es qui ouvrent la voie \u00e0 l&#8217;autonomisation et \u00e0 l&#8217;impact g\u00e9n\u00e9rationnel.  <\/p>\n\n\n\n<h4 class=\"wp-block-heading\">Cr\u00e9er des opportunit\u00e9s pour la r\u00e9ussite des autochtones<\/h4>\n\n\n\n<p>L&#8217;acc\u00e8s aux march\u00e9s publics peut offrir aux entreprises autochtones des opportunit\u00e9s consid\u00e9rables, qu&#8217;il s&#8217;agisse de la croissance de l&#8217;entreprise, du r\u00e9investissement dans la communaut\u00e9, de l&#8217;emploi durable, d&#8217;une participation \u00e9conomique plus large ou d&#8217;autres choses encore.  <\/p>\n\n\n\n<p>En 2021, le gouvernement f\u00e9d\u00e9ral a reconnu ce potentiel en exigeant qu&#8217;au moins cinq pour cent de la valeur des march\u00e9s publics soient attribu\u00e9s \u00e0 des entreprises autochtones.  <\/p>\n\n\n\n<p>Toutefois, selon le <a href=\"https:\/\/www.ccib.ca\/wp-content\/uploads\/2023\/01\/Reaching-5-Report.3.pdf\" target=\"_blank\" rel=\"noreferrer noopener\">Conseil canadien pour le commerce autochtone<\/a>, des obstacles persistent. \u00c0 ce jour, la sous-repr\u00e9sentation dans les cha\u00eenes d&#8217;approvisionnement, les processus d&#8217;achat complexes et l&#8217;acc\u00e8s limit\u00e9 \u00e0 des industries hautement sp\u00e9cialis\u00e9es emp\u00eachent la pleine participation des petites organisations autochtones.  <\/p>\n\n\n\n<p>Consciente de cette lacune et conform\u00e9ment aux principes \u00e9nonc\u00e9s dans l&#8217;appel \u00e0 l&#8217;action 92 de la Commission V\u00e9rit\u00e9 et R\u00e9conciliation, Calian a intensifi\u00e9 ses efforts au cours des derni\u00e8res ann\u00e9es pour favoriser des relations autochtones fond\u00e9es sur la collaboration, avec la cr\u00e9ation d&#8217;opportunit\u00e9s significatives dans toutes les facettes de son activit\u00e9.  <\/p>\n\n\n\n<h4 class=\"wp-block-heading\">Des partenariats autochtones pour construire quelque chose de mieux<\/h4>\n\n\n\n<p>L&#8217;engagement de Calian en faveur des populations autochtones se traduit par des partenariats dynamiques qui apportent des avantages durables et \u00e0 long terme.  <\/p>\n\n\n\n<p>Le soutien apport\u00e9 par Calian \u00e0 Lucas Miller, entrepreneur et consultant m\u00e9tis de la rivi\u00e8re Rouge, est un bon exemple de cet engagement. M. Miller a commenc\u00e9 \u00e0 travailler comme consultant pour Calian en 2023, mettant \u00e0 profit son expertise en mati\u00e8re de d\u00e9veloppement organisationnel et de transformation de la main-d&#8217;\u0153uvre. Ce travail a depuis \u00e9volu\u00e9 vers un engagement commun visant \u00e0 promouvoir la participation des entreprises autochtones dans des secteurs cl\u00e9s.    <\/p>\n\n\n\n<p>En 2024, le cabinet de conseil de M. Miller, Talent Transformation Group Inc. a achet\u00e9 la majorit\u00e9 des parts et le contr\u00f4le de DWP Solutions, une soci\u00e9t\u00e9 de cybers\u00e9curit\u00e9 appartenant auparavant \u00e0 Calian. M. Miller utilise DWP comme un atout pour la communaut\u00e9 autochtone, deux de ses objectifs \u00e9tant d&#8217;aider les professionnels autochtones \u00e0 surmonter les obstacles li\u00e9s \u00e0 la passation de contrats avec le gouvernement et d&#8217;\u00e9laborer des programmes de d\u00e9veloppement des comp\u00e9tences autochtones dans le secteur de la technologie. DWP permet d\u00e9j\u00e0 \u00e0 d&#8217;autres entreprises et professionnels autochtones de b\u00e9n\u00e9ficier d&#8217;opportunit\u00e9s auxquelles ils n&#8217;avaient pas acc\u00e8s auparavant, ce qui prouve que les avantages de ce concept sont d&#8217;une grande port\u00e9e.    <\/p>\n\n\n\n<h4 class=\"wp-block-heading\">Ce que l&#8217;engagement des populations autochtones rend possible<\/h4>\n\n\n\n<p>Le travail de Calian avec Miller montre comment l&#8217;engagement indig\u00e8ne cr\u00e9e des effets d&#8217;entra\u00eenement &#8211; en ouvrant des portes aux gens, en renfor\u00e7ant les communaut\u00e9s et en cr\u00e9ant des opportunit\u00e9s qui s&#8217;\u00e9tendent bien au-del\u00e0 d&#8217;un seul projet.  <\/p>\n\n\n\n<p>&#8220;Les relations sont \u00e0 la base de la r\u00e9ussite&#8221;, d\u00e9clare M. Miller. &#8220;L&#8217;aide de Calian a acc\u00e9l\u00e9r\u00e9 ma capacit\u00e9 \u00e0 entrer en contact avec les bonnes personnes et \u00e0 ouvrir des portes qu&#8217;il m&#8217;aurait fallu des ann\u00e9es pour franchir seul.&#8221;   <\/p>\n\n\n\n<p>DWP Solutions met en place des plateformes pour recruter, former et sous-traiter d&#8217;autres professionnels autochtones. Ainsi, un nombre croissant d&#8217;autochtones participent \u00e0 des projets de grande valeur dans des secteurs essentiels tels que la d\u00e9fense et la cybers\u00e9curit\u00e9.   <\/p>\n\n\n\n<h4 class=\"wp-block-heading\">La participation des populations autochtones en tant que strat\u00e9gie de base<\/h4>\n\n\n\n<p>La strat\u00e9gie de r\u00e9conciliation et d&#8217;engagement autochtone de Calian continue de progresser \u00e0 travers chaque interaction. Un exemple clair est l&#8217;int\u00e9gration de la participation autochtone en tant qu&#8217;\u00e9l\u00e9ment strat\u00e9gique central d\u00e8s les premi\u00e8res \u00e9tapes des offres de projet, garantissant que les voix autochtones guident l&#8217;ex\u00e9cution du projet d\u00e8s le d\u00e9but. Cette approche refl\u00e8te un engagement permanent en faveur de l&#8217;apprentissage et de la r\u00e9ussite partag\u00e9e.    <\/p>\n\n\n\n<p>&#8220;Nous vivons une p\u00e9riode passionnante&#8221;, ajoute M. Miller. &#8220;Les communaut\u00e9s, les gouvernements et les entreprises tourn\u00e9es vers l&#8217;avenir comme Calian nous soutiennent fermement. Au cours des cinq \u00e0 dix prochaines ann\u00e9es, les entreprises autochtones du Canada prendront de l&#8217;ampleur et d\u00e9velopperont leurs capacit\u00e9s, ce qui stimulera des secteurs tels que la d\u00e9fense et la technologie. Les possibilit\u00e9s qui s&#8217;offrent \u00e0 nous sont immenses.   <\/p>\n\n\n\n<div class=\"tbk-hydrate-component\" data-cid=\"4093d5d6-6d85-47c4-a572-c37b13c3f4de\" data-component=\"Spacer\"><div class=\"calian-spacer calian-spacer--small wp-block-calian-com-components-calian-spacer\"><\/div><\/div>\n\n\n\n<h2 class=\"wp-block-heading has-text-align-center\">En savoir plus sur Calian :<\/h2>\n\n\n\n<div class=\"tbk-hydrate-component\" data-cid=\"4093d5d6-6d85-47c4-a572-c37b13c3f4de\" data-component=\"Spacer\"><div class=\"calian-spacer calian-spacer--small wp-block-calian-com-components-calian-spacer\"><\/div><\/div>\n\n\n\n<div class=\"tbk-hydrate-component\" data-cid=\"9ed95530-6edf-40aa-b312-ad0f0009c617\" data-component=\"LinksList\"><div class=\"calian-links-list wp-block-calian-com-components-calian-links-list\"><ul class=\"calian-links-list__items\"><li class=\"calian-links-list__item\"><a href=\"https:\/\/sites.calian.com\/app\/uploads\/sites\/2\/2023\/04\/Indigenous-Engagement-Policy-.pdf\" target=\"_blank\" rel=\"noreferrer noopener\" class=\"calian-links-list__link\"><span class=\"calian-links-list__label text-charcoal\">Politique d&#8217;engagement indig\u00e8ne de Calian<\/span><span class=\"calian-links-list__size\"><span class=\"calian-links-list__icon icon icon-arrow-right\"><\/span><\/span><\/a><\/li><li class=\"calian-links-list__item\"><a href=\"https:\/\/www.calian.com\/esg\/fr\/sociale\/\" target=\"_blank\" rel=\"noreferrer noopener\" class=\"calian-links-list__link\"><span class=\"calian-links-list__label text-charcoal\">Calian ESG &#8211; Social<\/span><span class=\"calian-links-list__size\"><span class=\"calian-links-list__icon icon icon-arrow-right\"><\/span><\/span><\/a><\/li><li class=\"calian-links-list__item\"><a href=\"https:\/\/sites.calian.com\/app\/uploads\/sites\/4\/2026\/02\/Calian-ESG-2025-Published.pdf\" target=\"_blank\" rel=\"noreferrer noopener\" class=\"calian-links-list__link\"><span class=\"calian-links-list__label text-charcoal\">2025 Rapport ESG de Calian<\/span><span class=\"calian-links-list__size\"><span class=\"calian-links-list__icon icon icon-arrow-right\"><\/span><\/span><\/a><\/li><li class=\"calian-links-list__item\"><a href=\"https:\/\/sites.calian.com\/app\/uploads\/sites\/4\/2025\/01\/2024-ESG-Report-French-Published.pdf\" target=\"_blank\" rel=\"noreferrer noopener\" class=\"calian-links-list__link\"><span class=\"calian-links-list__label text-charcoal\">2024 Rapport ESG de Calian<\/span><span class=\"calian-links-list__size\"><span class=\"calian-links-list__icon icon icon-arrow-right\"><\/span><\/span><\/a><\/li><li class=\"calian-links-list__item\"><a href=\"https:\/\/sites.calian.com\/app\/uploads\/sites\/4\/2023\/12\/2023-ESG-Report-Calian-FR.pdf\" target=\"_blank\" rel=\"noreferrer noopener\" class=\"calian-links-list__link\"><span class=\"calian-links-list__label text-charcoal\">Rapport ESG 2023 de Calian<\/span><span class=\"calian-links-list__size\"><span class=\"calian-links-list__icon icon icon-arrow-right\"><\/span><\/span><\/a><\/li><\/ul><\/div><\/div>\n\n\n\n<div class=\"tbk-hydrate-component\" data-cid=\"ba78863e-2924-40f8-93f3-170c647f1d23\" data-component=\"Spacer\"><div class=\"calian-spacer calian-spacer--large wp-block-calian-com-components-calian-spacer\"><\/div><\/div>\n<\/div><\/div><\/div>\n\n<div class=\"tbk-hydrate-component\" data-cid=\"8e6aafdb-09df-4584-92ed-cad1db01e256\" data-component=\"VerticalTextGalleryFeature\"><div class=\"calian-vertical-text-gallery-feature overflow-hidden 0 theme-dark\"><div class=\"calian-vertical-text-gallery-feature__container container-fluid\"><div class=\"calian-vertical-text-gallery-feature__top-content row\"><div class=\"calian-vertical-text-gallery-feature__top-content--left col-12 col-lg-6\"><h2 class=\"calian-vertical-text-gallery-feature__heading\">Pourquoi Calian se soucie &#8230; de l&#8217;engagement indig\u00e8ne <\/h2><div class=\"calian-vertical-text-gallery-feature__description\">L&#8217;engagement des populations autochtones est essentiel \u00e0 la r\u00e9conciliation, au bien-\u00eatre des communaut\u00e9s et \u00e0 la conduite responsable des affaires. En \u00e9coutant, en apprenant et en \u00e9tablissant des partenariats avec les communaut\u00e9s autochtones, nous soutenons l&#8217;emploi, la croissance des entreprises et les services g\u00e9r\u00e9s par les communaut\u00e9s, tout en renfor\u00e7ant les capacit\u00e9s locales et en favorisant un impact significatif \u00e0 long terme.   <\/div><a href=\"https:\/\/www.calian.com\/esg\/social\/#indigenous_engagement\" class=\"btn btn-primary calian-vertical-text-gallery-feature__cta-btn\">En savoir plus<\/a><\/div><div class=\"calian-vertical-text-gallery-feature__top-content--right col-12 col-lg-6\"><div class=\"calian-vertical-text-gallery-feature__quote\"><p>Les communaut\u00e9s, le gouvernement et les entreprises tourn\u00e9es vers l&#8217;avenir comme Calian leur apportent un soutien solide. Au cours des cinq \u00e0 dix prochaines ann\u00e9es, les entreprises autochtones du Canada prendront de l&#8217;ampleur et d\u00e9velopperont leurs capacit\u00e9s, ce qui donnera un \u00e9lan \u00e0 des secteurs tels que la d\u00e9fense et la technologie. Les possibilit\u00e9s qui s&#8217;offrent \u00e0 nous sont immenses.  <\/p><span class=\"calian-vertical-text-gallery-feature__quote-author d-block pt-md-2 pt-3 ps-4 ps-sm-0 fs-7 fs-md-5\">&#8211; Lucas Miller, Pr\u00e9sident, Talent Transformation Group Inc.  <\/span><\/div><\/div><\/div><div class=\"row\"><div class=\"col-12\"><div class=\"calian-vertical-text-gallery-feature__image-container\"><div class=\"calian-vertical-text-gallery-feature__image-one\"><img decoding=\"async\" src=\"https:\/\/sites.calian.com\/app\/uploads\/sites\/11\/2026\/01\/AdobeStock_182572898-1024x683.jpeg\" alt=\"\" width=\"1024\" height=\"683\" class=\"img-fluid\" loading=\"lazy\"\/><\/div><div class=\"calian-vertical-text-gallery-feature__image-two\"><img decoding=\"async\" src=\"https:\/\/sites.calian.com\/app\/uploads\/sites\/11\/2026\/01\/AdobeStock_566990519-1-1024x683.jpeg\" alt=\"\" width=\"1024\" height=\"683\" class=\"img-fluid\" loading=\"lazy\"\/><\/div><div class=\"calian-vertical-text-gallery-feature__image-three\"><img decoding=\"async\" src=\"https:\/\/sites.calian.com\/app\/uploads\/sites\/11\/2026\/01\/iStock-1618115593-1024x683-1.webp\" alt=\"\" width=\"1024\" height=\"683\" class=\"img-fluid\" loading=\"lazy\"\/><\/div><\/div><\/div><\/div><\/div><\/div><\/div>\n\n<div class=\"tbk-hydrate-component\" data-cid=\"1c7d9b79-e6f2-4f45-a1d5-91cd0e5c5017\" data-component=\"Spacer\"><div class=\"calian-spacer wp-block-calian-com-components-calian-spacer\"><\/div><\/div>\n","protected":false},"excerpt":{"rendered":"<p>Calian \u00e9tablit des partenariats dirig\u00e9s par des autochtones qui ouvrent l&#8217;acc\u00e8s, d\u00e9veloppent les entreprises et cr\u00e9ent un impact durable dans des secteurs cl\u00e9s.<\/p>\n","protected":false},"featured_media":5949,"template":"","business_unit":[184],"solution":[],"industry":[],"type_classification":[],"class_list":["post-5898","blog","type-blog","status-publish","has-post-thumbnail","hentry","business_unit-gse"],"acf":{"enable_related_resources_carousel":true,"related_resources_carousel_title":"Related Resources","related_resources_max_posts":3,"related_resources_max_per_type":0,"related_resources_override_solutions":[],"related_resources_override_industries":[],"related_resources_hide_excerpts":false},"yoast_head":"<!-- This site is optimized with the Yoast SEO plugin v26.4 - https:\/\/yoast.com\/wordpress\/plugins\/seo\/ -->\n<title>Calian CARES : Construire un succ\u00e8s inclusif et autochtone dans le domaine de la d\u00e9fense et au-del\u00e0 - Ressources<\/title>\n<meta name=\"description\" content=\"Calian CARES favorise la r\u00e9ussite des autochtones gr\u00e2ce \u00e0 des partenariats significatifs dans les domaines de la d\u00e9fense, de la technologie et au-del\u00e0.\" \/>\n<meta name=\"robots\" content=\"index, follow, max-snippet:-1, max-image-preview:large, max-video-preview:-1\" \/>\n<link rel=\"canonical\" href=\"https:\/\/www.calian.com\/resources\/fr\/blogues\/calian-cares-building-inclusive-indigenous-led-success-in-defence-and-beyond\/\" \/>\n<meta property=\"og:locale\" content=\"fr_FR\" \/>\n<meta property=\"og:type\" content=\"article\" \/>\n<meta property=\"og:title\" content=\"Calian CARES : Construire un succ\u00e8s inclusif et autochtone dans le domaine de la d\u00e9fense et au-del\u00e0 - Ressources\" \/>\n<meta property=\"og:description\" content=\"Calian CARES favorise la r\u00e9ussite des autochtones gr\u00e2ce \u00e0 des partenariats significatifs dans les domaines de la d\u00e9fense, de la technologie et au-del\u00e0.\" \/>\n<meta property=\"og:url\" content=\"https:\/\/www.calian.com\/resources\/fr\/blogues\/calian-cares-building-inclusive-indigenous-led-success-in-defence-and-beyond\/\" \/>\n<meta property=\"og:site_name\" content=\"Ressources\" \/>\n<meta property=\"article:modified_time\" content=\"2026-02-02T15:08:57+00:00\" \/>\n<meta property=\"og:image\" content=\"https:\/\/sites.calian.com\/app\/uploads\/sites\/11\/2026\/01\/Screenshot-2025-12-04-at-2.56.53-PM.png\" \/>\n\t<meta property=\"og:image:width\" content=\"1072\" \/>\n\t<meta property=\"og:image:height\" content=\"714\" \/>\n\t<meta property=\"og:image:type\" content=\"image\/png\" \/>\n<meta name=\"twitter:card\" content=\"summary_large_image\" \/>\n<meta name=\"twitter:label1\" content=\"Est. reading time\" \/>\n\t<meta name=\"twitter:data1\" content=\"5 minutes\" \/>\n<script type=\"application\/ld+json\" class=\"yoast-schema-graph\">{\"@context\":\"https:\/\/schema.org\",\"@graph\":[{\"@type\":\"WebPage\",\"@id\":\"https:\/\/www.calian.com\/resources\/fr\/blogues\/calian-cares-building-inclusive-indigenous-led-success-in-defence-and-beyond\/\",\"url\":\"https:\/\/www.calian.com\/resources\/fr\/blogues\/calian-cares-building-inclusive-indigenous-led-success-in-defence-and-beyond\/\",\"name\":\"Calian CARES : Construire un succ\u00e8s inclusif et autochtone dans le domaine de la d\u00e9fense et au-del\u00e0 - Ressources\",\"isPartOf\":{\"@id\":\"https:\/\/www.calian.com\/resources\/fr\/#website\"},\"primaryImageOfPage\":{\"@id\":\"https:\/\/www.calian.com\/resources\/fr\/blogues\/calian-cares-building-inclusive-indigenous-led-success-in-defence-and-beyond\/#primaryimage\"},\"image\":{\"@id\":\"https:\/\/www.calian.com\/resources\/fr\/blogues\/calian-cares-building-inclusive-indigenous-led-success-in-defence-and-beyond\/#primaryimage\"},\"thumbnailUrl\":\"https:\/\/sites.calian.com\/app\/uploads\/sites\/11\/2026\/01\/Screenshot-2025-12-04-at-2.56.53-PM.png\",\"datePublished\":\"2026-01-12T15:31:47+00:00\",\"dateModified\":\"2026-02-02T15:08:57+00:00\",\"description\":\"Calian CARES favorise la r\u00e9ussite des autochtones gr\u00e2ce \u00e0 des partenariats significatifs dans les domaines de la d\u00e9fense, de la technologie et au-del\u00e0.\",\"breadcrumb\":{\"@id\":\"https:\/\/www.calian.com\/resources\/fr\/blogues\/calian-cares-building-inclusive-indigenous-led-success-in-defence-and-beyond\/#breadcrumb\"},\"inLanguage\":\"fr-FR\",\"potentialAction\":[{\"@type\":\"ReadAction\",\"target\":[\"https:\/\/www.calian.com\/resources\/fr\/blogues\/calian-cares-building-inclusive-indigenous-led-success-in-defence-and-beyond\/\"]}]},{\"@type\":\"ImageObject\",\"inLanguage\":\"fr-FR\",\"@id\":\"https:\/\/www.calian.com\/resources\/fr\/blogues\/calian-cares-building-inclusive-indigenous-led-success-in-defence-and-beyond\/#primaryimage\",\"url\":\"https:\/\/sites.calian.com\/app\/uploads\/sites\/11\/2026\/01\/Screenshot-2025-12-04-at-2.56.53-PM.png\",\"contentUrl\":\"https:\/\/sites.calian.com\/app\/uploads\/sites\/11\/2026\/01\/Screenshot-2025-12-04-at-2.56.53-PM.png\",\"width\":1072,\"height\":714},{\"@type\":\"BreadcrumbList\",\"@id\":\"https:\/\/www.calian.com\/resources\/fr\/blogues\/calian-cares-building-inclusive-indigenous-led-success-in-defence-and-beyond\/#breadcrumb\",\"itemListElement\":[{\"@type\":\"ListItem\",\"position\":1,\"name\":\"Accueil\",\"item\":\"https:\/\/www.calian.com\/resources\/fr\/blogues\/\"},{\"@type\":\"ListItem\",\"position\":2,\"name\":\"Calian CARES : Construire un succ\u00e8s inclusif et autochtone dans le domaine de la d\u00e9fense et au-del\u00e0\"}]},{\"@type\":\"WebSite\",\"@id\":\"https:\/\/www.calian.com\/resources\/fr\/#website\",\"url\":\"https:\/\/www.calian.com\/resources\/fr\/\",\"name\":\"Ressources\",\"description\":\"\",\"potentialAction\":[{\"@type\":\"SearchAction\",\"target\":{\"@type\":\"EntryPoint\",\"urlTemplate\":\"https:\/\/www.calian.com\/resources\/fr\/?s={search_term_string}\"},\"query-input\":{\"@type\":\"PropertyValueSpecification\",\"valueRequired\":true,\"valueName\":\"search_term_string\"}}],\"inLanguage\":\"fr-FR\"}]}<\/script>\n<!-- \/ Yoast SEO plugin. -->","yoast_head_json":{"title":"Calian CARES : Construire un succ\u00e8s inclusif et autochtone dans le domaine de la d\u00e9fense et au-del\u00e0 - Ressources","description":"Calian CARES favorise la r\u00e9ussite des autochtones gr\u00e2ce \u00e0 des partenariats significatifs dans les domaines de la d\u00e9fense, de la technologie et au-del\u00e0.","robots":{"index":"index","follow":"follow","max-snippet":"max-snippet:-1","max-image-preview":"max-image-preview:large","max-video-preview":"max-video-preview:-1"},"canonical":"https:\/\/www.calian.com\/resources\/fr\/blogues\/calian-cares-building-inclusive-indigenous-led-success-in-defence-and-beyond\/","og_locale":"fr_FR","og_type":"article","og_title":"Calian CARES : Construire un succ\u00e8s inclusif et autochtone dans le domaine de la d\u00e9fense et au-del\u00e0 - Ressources","og_description":"Calian CARES favorise la r\u00e9ussite des autochtones gr\u00e2ce \u00e0 des partenariats significatifs dans les domaines de la d\u00e9fense, de la technologie et au-del\u00e0.","og_url":"https:\/\/www.calian.com\/resources\/fr\/blogues\/calian-cares-building-inclusive-indigenous-led-success-in-defence-and-beyond\/","og_site_name":"Ressources","article_modified_time":"2026-02-02T15:08:57+00:00","og_image":[{"width":1072,"height":714,"url":"https:\/\/sites.calian.com\/app\/uploads\/sites\/11\/2026\/01\/Screenshot-2025-12-04-at-2.56.53-PM.png","type":"image\/png"}],"twitter_card":"summary_large_image","twitter_misc":{"Est. reading time":"5 minutes"},"schema":{"@context":"https:\/\/schema.org","@graph":[{"@type":"WebPage","@id":"https:\/\/www.calian.com\/resources\/fr\/blogues\/calian-cares-building-inclusive-indigenous-led-success-in-defence-and-beyond\/","url":"https:\/\/www.calian.com\/resources\/fr\/blogues\/calian-cares-building-inclusive-indigenous-led-success-in-defence-and-beyond\/","name":"Calian CARES : Construire un succ\u00e8s inclusif et autochtone dans le domaine de la d\u00e9fense et au-del\u00e0 - Ressources","isPartOf":{"@id":"https:\/\/www.calian.com\/resources\/fr\/#website"},"primaryImageOfPage":{"@id":"https:\/\/www.calian.com\/resources\/fr\/blogues\/calian-cares-building-inclusive-indigenous-led-success-in-defence-and-beyond\/#primaryimage"},"image":{"@id":"https:\/\/www.calian.com\/resources\/fr\/blogues\/calian-cares-building-inclusive-indigenous-led-success-in-defence-and-beyond\/#primaryimage"},"thumbnailUrl":"https:\/\/sites.calian.com\/app\/uploads\/sites\/11\/2026\/01\/Screenshot-2025-12-04-at-2.56.53-PM.png","datePublished":"2026-01-12T15:31:47+00:00","dateModified":"2026-02-02T15:08:57+00:00","description":"Calian CARES favorise la r\u00e9ussite des autochtones gr\u00e2ce \u00e0 des partenariats significatifs dans les domaines de la d\u00e9fense, de la technologie et au-del\u00e0.","breadcrumb":{"@id":"https:\/\/www.calian.com\/resources\/fr\/blogues\/calian-cares-building-inclusive-indigenous-led-success-in-defence-and-beyond\/#breadcrumb"},"inLanguage":"fr-FR","potentialAction":[{"@type":"ReadAction","target":["https:\/\/www.calian.com\/resources\/fr\/blogues\/calian-cares-building-inclusive-indigenous-led-success-in-defence-and-beyond\/"]}]},{"@type":"ImageObject","inLanguage":"fr-FR","@id":"https:\/\/www.calian.com\/resources\/fr\/blogues\/calian-cares-building-inclusive-indigenous-led-success-in-defence-and-beyond\/#primaryimage","url":"https:\/\/sites.calian.com\/app\/uploads\/sites\/11\/2026\/01\/Screenshot-2025-12-04-at-2.56.53-PM.png","contentUrl":"https:\/\/sites.calian.com\/app\/uploads\/sites\/11\/2026\/01\/Screenshot-2025-12-04-at-2.56.53-PM.png","width":1072,"height":714},{"@type":"BreadcrumbList","@id":"https:\/\/www.calian.com\/resources\/fr\/blogues\/calian-cares-building-inclusive-indigenous-led-success-in-defence-and-beyond\/#breadcrumb","itemListElement":[{"@type":"ListItem","position":1,"name":"Accueil","item":"https:\/\/www.calian.com\/resources\/fr\/blogues\/"},{"@type":"ListItem","position":2,"name":"Calian CARES : Construire un succ\u00e8s inclusif et autochtone dans le domaine de la d\u00e9fense et au-del\u00e0"}]},{"@type":"WebSite","@id":"https:\/\/www.calian.com\/resources\/fr\/#website","url":"https:\/\/www.calian.com\/resources\/fr\/","name":"Ressources","description":"","potentialAction":[{"@type":"SearchAction","target":{"@type":"EntryPoint","urlTemplate":"https:\/\/www.calian.com\/resources\/fr\/?s={search_term_string}"},"query-input":{"@type":"PropertyValueSpecification","valueRequired":true,"valueName":"search_term_string"}}],"inLanguage":"fr-FR"}]}},"_links":{"self":[{"href":"https:\/\/resources.calian.com\/fr\/wp-json\/wp\/v2\/blog\/5898","targetHints":{"allow":["GET"]}}],"collection":[{"href":"https:\/\/resources.calian.com\/fr\/wp-json\/wp\/v2\/blog"}],"about":[{"href":"https:\/\/resources.calian.com\/fr\/wp-json\/wp\/v2\/types\/blog"}],"wp:featuredmedia":[{"embeddable":true,"href":"https:\/\/resources.calian.com\/fr\/wp-json\/wp\/v2\/media\/5949"}],"wp:attachment":[{"href":"https:\/\/resources.calian.com\/fr\/wp-json\/wp\/v2\/media?parent=5898"}],"wp:term":[{"taxonomy":"business_unit","embeddable":true,"href":"https:\/\/resources.calian.com\/fr\/wp-json\/wp\/v2\/business_unit?post=5898"},{"taxonomy":"solution","embeddable":true,"href":"https:\/\/resources.calian.com\/fr\/wp-json\/wp\/v2\/solution?post=5898"},{"taxonomy":"industry","embeddable":true,"href":"https:\/\/resources.calian.com\/fr\/wp-json\/wp\/v2\/industry?post=5898"},{"taxonomy":"type_classification","embeddable":true,"href":"https:\/\/resources.calian.com\/fr\/wp-json\/wp\/v2\/type_classification?post=5898"}],"curies":[{"name":"wp","href":"https:\/\/api.w.org\/{rel}","templated":true}]}}