{"id":5899,"date":"2026-01-12T10:32:21","date_gmt":"2026-01-12T15:32:21","guid":{"rendered":"https:\/\/www.calian.com\/resources\/blogs\/calian-cares-community-resilience-indigenous-partnership-and-sovereignty-in-the-north\/"},"modified":"2026-02-02T10:09:18","modified_gmt":"2026-02-02T15:09:18","slug":"calian-cares-community-resilience-indigenous-partnership-and-sovereignty-in-the-north","status":"publish","type":"blog","link":"https:\/\/www.calian.com\/resources\/fr\/blogues\/calian-cares-community-resilience-indigenous-partnership-and-sovereignty-in-the-north\/","title":{"rendered":"Calian CARES : R\u00e9silience communautaire, partenariat autochtone et souverainet\u00e9 dans le Nord"},"content":{"rendered":"\n<div class=\"tbk-hydrate-component\" data-cid=\"421a649f-cd9f-465d-ad4e-d2646f9a4f29\" data-component=\"Spacer\"><div class=\"calian-spacer wp-block-calian-com-components-calian-spacer\"><\/div><\/div>\n\n<div class=\"tbk-hydrate-component\" data-cid=\"4281eebc-404a-45f6-bba6-d49882cbee0b\" data-component=\"CalianContainer\"><div class=\"calian-container wp-block-calian-com-components-calian-container\"><div>\n<p>La strat\u00e9gie d&#8217;engagement indig\u00e8ne de Calian repose sur l&#8217;\u00e9coute, l&#8217;apprentissage et l&#8217;exploitation de l&#8217;expertise approfondie de partenaires de confiance. L&#8217;acquisition d&#8217;Advanced Medical Solutions (AMS) en 2025 renforce cet engagement en permettant \u00e0 Calian de soutenir et d&#8217;\u00e9tendre les soins de sant\u00e9 et les services communautaires culturellement inform\u00e9s qu&#8217;AMS fournit dans le Nord du Canada. La vaste exp\u00e9rience d&#8217;AMS et ses relations \u00e9troites avec les entreprises et les communaut\u00e9s autochtones compl\u00e8tent la vision ESG de Calian, qui consiste \u00e0 int\u00e9grer la r\u00e9conciliation dans la croissance, la r\u00e9silience et la prestation de services.  <\/p>\n\n\n\n<p><em>&#8220;En joignant ses forces \u00e0 celles de l&#8217;AMS, Calian a acquis une exp\u00e9rience riche et profonde dans la prestation de soins de haute qualit\u00e9, culturellement ancr\u00e9s, auxquels s&#8217;attendent les communaut\u00e9s du Nord canadien. Nous avons renforc\u00e9 et am\u00e9lior\u00e9 notre capacit\u00e9 collective \u00e0 cro\u00eetre et \u00e0 innover pour l&#8217;avenir des soins de sant\u00e9 dans le Nord&#8221; &#8211; Kara Livy, directrice principale, AMS<\/em><strong> <\/strong><\/p>\n<\/div><\/div><\/div>\n\n<div class=\"tbk-hydrate-component\" data-cid=\"99e7c432-60de-43b8-ae40-c97d5ca77dbf\" data-component=\"CalianContainer\"><div class=\"calian-container wp-block-calian-com-components-calian-container\"><div>\n<h4 class=\"wp-block-heading\">Extension de l&#8217;empreinte de Calian dans le Nord<\/h4>\n\n\n\n<p>La r\u00e9silience exige une pr\u00e9sence. Le travail de longue date d&#8217;AMS dans les communaut\u00e9s \u00e9loign\u00e9es et nordiques soutient l&#8217;expansion de Calian dans le nord du Canada. En appliquant l&#8217;exp\u00e9rience d&#8217;AMS, Calian renforce sa capacit\u00e9 \u00e0 obtenir des r\u00e9sultats significatifs.    <\/p>\n\n\n\n<p>Les initiatives cibl\u00e9es de Calian, soutenues par les connaissances et l&#8217;expertise d&#8217;AMS, sont les suivantes <br\/>&#8211; Renforcer la capacit\u00e9 op\u00e9rationnelle dans les r\u00e9gions \u00e9loign\u00e9es et nordiques <br\/>&#8211; Fournir des soins de sant\u00e9, des formations et des services d&#8217;urgence l\u00e0 o\u00f9 ils sont le plus n\u00e9cessaires <br\/>&#8211; \u00c9tablir des partenariats avec les gouvernements et les organisations indig\u00e8nes pour co-cr\u00e9er des solutions <br\/>&#8211; Soutenir l&#8217;emploi local et la capacit\u00e9 de soins de sant\u00e9<\/p>\n\n\n\n<h4 class=\"wp-block-heading\">La derni\u00e8re \u00e9quipe en lice : Les incendies de for\u00eat des Territoires du Nord-Ouest en 2025<\/h4>\n\n\n\n<p>La r\u00e9silience est test\u00e9e dans les moments de crise. Alors que de nombreuses organisations se sont retir\u00e9es, l&#8217;\u00e9quipe de Calian\/AMS est rest\u00e9e sur le terrain &#8211; la derni\u00e8re \u00e9quipe debout. Cet engagement a d\u00e9montr\u00e9 :    <\/p>\n\n\n\n<p>&#8211; D\u00e9vouement in\u00e9branlable \u00e0 la s\u00e9curit\u00e9 des communaut\u00e9s et \u00e0 la continuit\u00e9 des soins <br\/>&#8211; Partenariats solides avec les communaut\u00e9s autochtones et nordiques en mati\u00e8re de gestion des urgences et de soins de sant\u00e9 <br\/>&#8211; Capacit\u00e9 \u00e0 mobiliser l&#8217;expertise sous une pression extr\u00eame  <\/p>\n\n\n\n<p>Calian prouve que la r\u00e9silience est plus qu&#8217;une valeur, c&#8217;est une pratique. Cette \u00e9quipe de professionnels de la sant\u00e9 hautement qualifi\u00e9s a d\u00e9montr\u00e9 que la v\u00e9ritable r\u00e9silience n&#8217;est pas seulement une pr\u00e9paration, mais aussi une pr\u00e9sence, un courage et un partenariat avec les communaut\u00e9s au moment o\u00f9 elles en ont le plus besoin.   <\/p>\n\n\n\n<p><em>&#8220;AMS est un fournisseur de soins de sant\u00e9 profond\u00e9ment enracin\u00e9, respect\u00e9 et essentiel dans les communaut\u00e9s du Nord du Canada, avec une \u00e9quipe d\u00e9vou\u00e9e et des relations solides dans les communaut\u00e9s qu&#8217;elle dessert.&#8221; &#8211; Lindsay Williams, vice-pr\u00e9sident des services de sant\u00e9 de Calian Ltd.<\/em> <\/p>\n\n\n\n<h4 class=\"wp-block-heading\">Soutenir la souverainet\u00e9 du Nord  <\/h4>\n\n\n\n<p>Le Canada continue de mettre l&#8217;accent sur la souverainet\u00e9 du Nord, reconnaissant que l&#8217;Arctique et les r\u00e9gions nordiques sont vitales pour la s\u00e9curit\u00e9, l&#8217;infrastructure et le d\u00e9veloppement durable. Calian se positionne pour soutenir ces priorit\u00e9s nationales, en reconnaissant la valeur de l&#8217;exp\u00e9rience op\u00e9rationnelle d&#8217;AMS dans le Nord et en ajoutant la capacit\u00e9 d&#8217;accro\u00eetre cet impact.   <\/p>\n\n\n\n<p>Calian contribue \u00e0 la souverainet\u00e9 et \u00e0 la r\u00e9silience en : <br\/> <br\/>&#8211; en \u00e9tablissant des partenariats avec les gouvernements pour r\u00e9aliser des projets strat\u00e9giques soutenant les priorit\u00e9s du Nord <br\/>&#8211; en appliquant l&#8217;expertise de l&#8217;AMS pour renforcer les capacit\u00e9s de soins de sant\u00e9 et d&#8217;intervention d&#8217;urgence dans les communaut\u00e9s \u00e9loign\u00e9es <br\/>&#8211; en alignant l&#8217;engagement indig\u00e8ne sur les objectifs de souverainet\u00e9, en veillant \u00e0 ce que les communaut\u00e9s locales soient des partenaires habilit\u00e9s \u00e0 fa\u00e7onner l&#8217;avenir du Nord.  <\/p>\n\n\n\n<h4 class=\"wp-block-heading\">\u00c0 l&#8217;horizon<\/h4>\n\n\n\n<p>En reliant ses engagements ESG au programme de souverainet\u00e9 du Canada, Calian d\u00e9montre que ses objectifs de responsabilit\u00e9 sociale d&#8217;entreprise renforcent les priorit\u00e9s nationales tout en construisant des communaut\u00e9s r\u00e9silientes et inclusives.  <\/p>\n<\/div><\/div><\/div>\n\n<div class=\"tbk-hydrate-component\" data-cid=\"c4aa6aab-42ce-43fe-8fa9-c60ba8d68aad\" data-component=\"Spacer\"><div class=\"calian-spacer wp-block-calian-com-components-calian-spacer\"><\/div><\/div>\n\n<h2 class=\"wp-block-heading has-text-align-center\">En savoir plus sur Calian :<\/h2>\n\n<div class=\"tbk-hydrate-component\" data-cid=\"26ad0fa3-08e0-4748-a198-96009ef12c3b\" data-component=\"Spacer\"><div class=\"calian-spacer calian-spacer--small wp-block-calian-com-components-calian-spacer\"><\/div><\/div>\n\n<div class=\"tbk-hydrate-component\" data-cid=\"24320e79-2f88-4fd6-a9ad-cf5d48cd620c\" data-component=\"LinksList\"><div class=\"calian-links-list wp-block-calian-com-components-calian-links-list\"><ul class=\"calian-links-list__items\"><li class=\"calian-links-list__item\"><a href=\"https:\/\/www.calian.com\/esg\/fr\/sociale\/\" target=\"_blank\" rel=\"noreferrer noopener\" class=\"calian-links-list__link\"><span class=\"calian-links-list__label text-charcoal\">Calian ESG &#8211; Social<\/span><span class=\"calian-links-list__size\"><span class=\"calian-links-list__icon icon icon-arrow-right\"><\/span><\/span><\/a><\/li><li class=\"calian-links-list__item\"><a href=\"https:\/\/www.calian.com\/esg\/social\/#community_resilience\" target=\"_self\" rel=\"noreferrer noopener\" class=\"calian-links-list__link\"><span class=\"calian-links-list__label text-charcoal\">R\u00e9silience de la communaut\u00e9  <\/span><span class=\"calian-links-list__size\"><span class=\"calian-links-list__icon icon icon-arrow-right\"><\/span><\/span><\/a><\/li><li class=\"calian-links-list__item\"><a href=\"https:\/\/sites.calian.com\/app\/uploads\/sites\/4\/2026\/02\/Calian-ESG-2025-Published.pdf\" target=\"_blank\" rel=\"noreferrer noopener\" class=\"calian-links-list__link\"><span class=\"calian-links-list__label text-charcoal\">2025 Rapport ESG de Calian<\/span><span class=\"calian-links-list__size\"><span class=\"calian-links-list__icon icon icon-arrow-right\"><\/span><\/span><\/a><\/li><li class=\"calian-links-list__item\"><a href=\"https:\/\/sites.calian.com\/app\/uploads\/sites\/4\/2025\/01\/2024-ESG-Report-French-Published.pdf\" target=\"_blank\" rel=\"noreferrer noopener\" class=\"calian-links-list__link\"><span class=\"calian-links-list__label text-charcoal\">2024 Rapport ESG de Calian<\/span><span class=\"calian-links-list__size\"><span class=\"calian-links-list__icon icon icon-arrow-right\"><\/span><\/span><\/a><\/li><li class=\"calian-links-list__item\"><a href=\"https:\/\/sites.calian.com\/app\/uploads\/sites\/4\/2023\/12\/2023-ESG-Report-Calian-FR.pdf\" target=\"_blank\" rel=\"noreferrer noopener\" class=\"calian-links-list__link\"><span class=\"calian-links-list__label text-charcoal\">Rapport ESG 2023 de Calian<\/span><span class=\"calian-links-list__size\"><span class=\"calian-links-list__icon icon icon-arrow-right\"><\/span><\/span><\/a><\/li><\/ul><\/div><\/div>\n\n<div class=\"tbk-hydrate-component\" data-cid=\"88f4f5ae-fe5a-4895-8629-6d382e92ddfc\" data-component=\"Spacer\"><div class=\"calian-spacer wp-block-calian-com-components-calian-spacer\"><\/div><\/div>\n\n<p><\/p>\n","protected":false},"excerpt":{"rendered":"<p>Gr\u00e2ce \u00e0 l&#8217;acquisition d&#8217;AMS, Calian \u00e9tend les soins de sant\u00e9 culturellement inform\u00e9s, la r\u00e9silience et les partenariats indig\u00e8nes dans le Nord du Canada.<\/p>\n","protected":false},"featured_media":5944,"template":"","business_unit":[184],"solution":[],"industry":[],"type_classification":[],"class_list":["post-5899","blog","type-blog","status-publish","has-post-thumbnail","hentry","business_unit-gse"],"acf":{"enable_related_resources_carousel":true,"related_resources_carousel_title":"Related Resources","related_resources_max_posts":3,"related_resources_max_per_type":0,"related_resources_override_solutions":[],"related_resources_override_industries":[],"related_resources_hide_excerpts":false},"yoast_head":"<!-- This site is optimized with the Yoast SEO plugin v26.4 - https:\/\/yoast.com\/wordpress\/plugins\/seo\/ -->\n<title>Calian CARES : R\u00e9silience communautaire, partenariat autochtone et souverainet\u00e9 dans le Nord - Ressources<\/title>\n<meta name=\"description\" content=\"Calian renforce l&#039;engagement indig\u00e8ne et les soins de sant\u00e9 dans le Nord en s&#039;associant \u00e0 l&#039;AMS pour fournir des services r\u00e9silients et culturellement ancr\u00e9s.\" \/>\n<meta name=\"robots\" content=\"index, follow, max-snippet:-1, max-image-preview:large, max-video-preview:-1\" \/>\n<link rel=\"canonical\" href=\"https:\/\/www.calian.com\/resources\/fr\/blogues\/calian-cares-community-resilience-indigenous-partnership-and-sovereignty-in-the-north\/\" \/>\n<meta property=\"og:locale\" content=\"fr_FR\" \/>\n<meta property=\"og:type\" content=\"article\" \/>\n<meta property=\"og:title\" content=\"Calian CARES : R\u00e9silience communautaire, partenariat autochtone et souverainet\u00e9 dans le Nord - Ressources\" \/>\n<meta property=\"og:description\" content=\"Calian renforce l&#039;engagement indig\u00e8ne et les soins de sant\u00e9 dans le Nord en s&#039;associant \u00e0 l&#039;AMS pour fournir des services r\u00e9silients et culturellement ancr\u00e9s.\" \/>\n<meta property=\"og:url\" content=\"https:\/\/www.calian.com\/resources\/fr\/blogues\/calian-cares-community-resilience-indigenous-partnership-and-sovereignty-in-the-north\/\" \/>\n<meta property=\"og:site_name\" content=\"Ressources\" \/>\n<meta property=\"article:modified_time\" content=\"2026-02-02T15:09:18+00:00\" \/>\n<meta property=\"og:image\" content=\"https:\/\/sites.calian.com\/app\/uploads\/sites\/11\/2026\/01\/AdobeStock_479954145-scaled.jpeg\" \/>\n\t<meta property=\"og:image:width\" content=\"2560\" \/>\n\t<meta property=\"og:image:height\" content=\"1707\" \/>\n\t<meta property=\"og:image:type\" content=\"image\/jpeg\" \/>\n<meta name=\"twitter:card\" content=\"summary_large_image\" \/>\n<meta name=\"twitter:label1\" content=\"Est. reading time\" \/>\n\t<meta name=\"twitter:data1\" content=\"4 minutes\" \/>\n<script type=\"application\/ld+json\" class=\"yoast-schema-graph\">{\"@context\":\"https:\/\/schema.org\",\"@graph\":[{\"@type\":\"WebPage\",\"@id\":\"https:\/\/www.calian.com\/resources\/fr\/blogues\/calian-cares-community-resilience-indigenous-partnership-and-sovereignty-in-the-north\/\",\"url\":\"https:\/\/www.calian.com\/resources\/fr\/blogues\/calian-cares-community-resilience-indigenous-partnership-and-sovereignty-in-the-north\/\",\"name\":\"Calian CARES : R\u00e9silience communautaire, partenariat autochtone et souverainet\u00e9 dans le Nord - Ressources\",\"isPartOf\":{\"@id\":\"https:\/\/www.calian.com\/resources\/fr\/#website\"},\"primaryImageOfPage\":{\"@id\":\"https:\/\/www.calian.com\/resources\/fr\/blogues\/calian-cares-community-resilience-indigenous-partnership-and-sovereignty-in-the-north\/#primaryimage\"},\"image\":{\"@id\":\"https:\/\/www.calian.com\/resources\/fr\/blogues\/calian-cares-community-resilience-indigenous-partnership-and-sovereignty-in-the-north\/#primaryimage\"},\"thumbnailUrl\":\"https:\/\/sites.calian.com\/app\/uploads\/sites\/11\/2026\/01\/AdobeStock_479954145-scaled.jpeg\",\"datePublished\":\"2026-01-12T15:32:21+00:00\",\"dateModified\":\"2026-02-02T15:09:18+00:00\",\"description\":\"Calian renforce l'engagement indig\u00e8ne et les soins de sant\u00e9 dans le Nord en s'associant \u00e0 l'AMS pour fournir des services r\u00e9silients et culturellement ancr\u00e9s.\",\"breadcrumb\":{\"@id\":\"https:\/\/www.calian.com\/resources\/fr\/blogues\/calian-cares-community-resilience-indigenous-partnership-and-sovereignty-in-the-north\/#breadcrumb\"},\"inLanguage\":\"fr-FR\",\"potentialAction\":[{\"@type\":\"ReadAction\",\"target\":[\"https:\/\/www.calian.com\/resources\/fr\/blogues\/calian-cares-community-resilience-indigenous-partnership-and-sovereignty-in-the-north\/\"]}]},{\"@type\":\"ImageObject\",\"inLanguage\":\"fr-FR\",\"@id\":\"https:\/\/www.calian.com\/resources\/fr\/blogues\/calian-cares-community-resilience-indigenous-partnership-and-sovereignty-in-the-north\/#primaryimage\",\"url\":\"https:\/\/sites.calian.com\/app\/uploads\/sites\/11\/2026\/01\/AdobeStock_479954145-scaled.jpeg\",\"contentUrl\":\"https:\/\/sites.calian.com\/app\/uploads\/sites\/11\/2026\/01\/AdobeStock_479954145-scaled.jpeg\",\"width\":2560,\"height\":1707,\"caption\":\"Aerial winter landscape with small village houses between snow covered forest in cold mountains in the evening.\"},{\"@type\":\"BreadcrumbList\",\"@id\":\"https:\/\/www.calian.com\/resources\/fr\/blogues\/calian-cares-community-resilience-indigenous-partnership-and-sovereignty-in-the-north\/#breadcrumb\",\"itemListElement\":[{\"@type\":\"ListItem\",\"position\":1,\"name\":\"Accueil\",\"item\":\"https:\/\/www.calian.com\/resources\/fr\/blogues\/\"},{\"@type\":\"ListItem\",\"position\":2,\"name\":\"Calian CARES : R\u00e9silience communautaire, partenariat autochtone et souverainet\u00e9 dans le Nord\"}]},{\"@type\":\"WebSite\",\"@id\":\"https:\/\/www.calian.com\/resources\/fr\/#website\",\"url\":\"https:\/\/www.calian.com\/resources\/fr\/\",\"name\":\"Ressources\",\"description\":\"\",\"potentialAction\":[{\"@type\":\"SearchAction\",\"target\":{\"@type\":\"EntryPoint\",\"urlTemplate\":\"https:\/\/www.calian.com\/resources\/fr\/?s={search_term_string}\"},\"query-input\":{\"@type\":\"PropertyValueSpecification\",\"valueRequired\":true,\"valueName\":\"search_term_string\"}}],\"inLanguage\":\"fr-FR\"}]}<\/script>\n<!-- \/ Yoast SEO plugin. -->","yoast_head_json":{"title":"Calian CARES : R\u00e9silience communautaire, partenariat autochtone et souverainet\u00e9 dans le Nord - Ressources","description":"Calian renforce l'engagement indig\u00e8ne et les soins de sant\u00e9 dans le Nord en s'associant \u00e0 l'AMS pour fournir des services r\u00e9silients et culturellement ancr\u00e9s.","robots":{"index":"index","follow":"follow","max-snippet":"max-snippet:-1","max-image-preview":"max-image-preview:large","max-video-preview":"max-video-preview:-1"},"canonical":"https:\/\/www.calian.com\/resources\/fr\/blogues\/calian-cares-community-resilience-indigenous-partnership-and-sovereignty-in-the-north\/","og_locale":"fr_FR","og_type":"article","og_title":"Calian CARES : R\u00e9silience communautaire, partenariat autochtone et souverainet\u00e9 dans le Nord - Ressources","og_description":"Calian renforce l'engagement indig\u00e8ne et les soins de sant\u00e9 dans le Nord en s'associant \u00e0 l'AMS pour fournir des services r\u00e9silients et culturellement ancr\u00e9s.","og_url":"https:\/\/www.calian.com\/resources\/fr\/blogues\/calian-cares-community-resilience-indigenous-partnership-and-sovereignty-in-the-north\/","og_site_name":"Ressources","article_modified_time":"2026-02-02T15:09:18+00:00","og_image":[{"width":2560,"height":1707,"url":"https:\/\/sites.calian.com\/app\/uploads\/sites\/11\/2026\/01\/AdobeStock_479954145-scaled.jpeg","type":"image\/jpeg"}],"twitter_card":"summary_large_image","twitter_misc":{"Est. reading time":"4 minutes"},"schema":{"@context":"https:\/\/schema.org","@graph":[{"@type":"WebPage","@id":"https:\/\/www.calian.com\/resources\/fr\/blogues\/calian-cares-community-resilience-indigenous-partnership-and-sovereignty-in-the-north\/","url":"https:\/\/www.calian.com\/resources\/fr\/blogues\/calian-cares-community-resilience-indigenous-partnership-and-sovereignty-in-the-north\/","name":"Calian CARES : R\u00e9silience communautaire, partenariat autochtone et souverainet\u00e9 dans le Nord - Ressources","isPartOf":{"@id":"https:\/\/www.calian.com\/resources\/fr\/#website"},"primaryImageOfPage":{"@id":"https:\/\/www.calian.com\/resources\/fr\/blogues\/calian-cares-community-resilience-indigenous-partnership-and-sovereignty-in-the-north\/#primaryimage"},"image":{"@id":"https:\/\/www.calian.com\/resources\/fr\/blogues\/calian-cares-community-resilience-indigenous-partnership-and-sovereignty-in-the-north\/#primaryimage"},"thumbnailUrl":"https:\/\/sites.calian.com\/app\/uploads\/sites\/11\/2026\/01\/AdobeStock_479954145-scaled.jpeg","datePublished":"2026-01-12T15:32:21+00:00","dateModified":"2026-02-02T15:09:18+00:00","description":"Calian renforce l'engagement indig\u00e8ne et les soins de sant\u00e9 dans le Nord en s'associant \u00e0 l'AMS pour fournir des services r\u00e9silients et culturellement ancr\u00e9s.","breadcrumb":{"@id":"https:\/\/www.calian.com\/resources\/fr\/blogues\/calian-cares-community-resilience-indigenous-partnership-and-sovereignty-in-the-north\/#breadcrumb"},"inLanguage":"fr-FR","potentialAction":[{"@type":"ReadAction","target":["https:\/\/www.calian.com\/resources\/fr\/blogues\/calian-cares-community-resilience-indigenous-partnership-and-sovereignty-in-the-north\/"]}]},{"@type":"ImageObject","inLanguage":"fr-FR","@id":"https:\/\/www.calian.com\/resources\/fr\/blogues\/calian-cares-community-resilience-indigenous-partnership-and-sovereignty-in-the-north\/#primaryimage","url":"https:\/\/sites.calian.com\/app\/uploads\/sites\/11\/2026\/01\/AdobeStock_479954145-scaled.jpeg","contentUrl":"https:\/\/sites.calian.com\/app\/uploads\/sites\/11\/2026\/01\/AdobeStock_479954145-scaled.jpeg","width":2560,"height":1707,"caption":"Aerial winter landscape with small village houses between snow covered forest in cold mountains in the evening."},{"@type":"BreadcrumbList","@id":"https:\/\/www.calian.com\/resources\/fr\/blogues\/calian-cares-community-resilience-indigenous-partnership-and-sovereignty-in-the-north\/#breadcrumb","itemListElement":[{"@type":"ListItem","position":1,"name":"Accueil","item":"https:\/\/www.calian.com\/resources\/fr\/blogues\/"},{"@type":"ListItem","position":2,"name":"Calian CARES : R\u00e9silience communautaire, partenariat autochtone et souverainet\u00e9 dans le Nord"}]},{"@type":"WebSite","@id":"https:\/\/www.calian.com\/resources\/fr\/#website","url":"https:\/\/www.calian.com\/resources\/fr\/","name":"Ressources","description":"","potentialAction":[{"@type":"SearchAction","target":{"@type":"EntryPoint","urlTemplate":"https:\/\/www.calian.com\/resources\/fr\/?s={search_term_string}"},"query-input":{"@type":"PropertyValueSpecification","valueRequired":true,"valueName":"search_term_string"}}],"inLanguage":"fr-FR"}]}},"_links":{"self":[{"href":"https:\/\/resources.calian.com\/fr\/wp-json\/wp\/v2\/blog\/5899","targetHints":{"allow":["GET"]}}],"collection":[{"href":"https:\/\/resources.calian.com\/fr\/wp-json\/wp\/v2\/blog"}],"about":[{"href":"https:\/\/resources.calian.com\/fr\/wp-json\/wp\/v2\/types\/blog"}],"wp:featuredmedia":[{"embeddable":true,"href":"https:\/\/resources.calian.com\/fr\/wp-json\/wp\/v2\/media\/5944"}],"wp:attachment":[{"href":"https:\/\/resources.calian.com\/fr\/wp-json\/wp\/v2\/media?parent=5899"}],"wp:term":[{"taxonomy":"business_unit","embeddable":true,"href":"https:\/\/resources.calian.com\/fr\/wp-json\/wp\/v2\/business_unit?post=5899"},{"taxonomy":"solution","embeddable":true,"href":"https:\/\/resources.calian.com\/fr\/wp-json\/wp\/v2\/solution?post=5899"},{"taxonomy":"industry","embeddable":true,"href":"https:\/\/resources.calian.com\/fr\/wp-json\/wp\/v2\/industry?post=5899"},{"taxonomy":"type_classification","embeddable":true,"href":"https:\/\/resources.calian.com\/fr\/wp-json\/wp\/v2\/type_classification?post=5899"}],"curies":[{"name":"wp","href":"https:\/\/api.w.org\/{rel}","templated":true}]}}