{"id":6081,"date":"2026-02-12T10:30:58","date_gmt":"2026-02-12T15:30:58","guid":{"rendered":"https:\/\/www.calian.com\/resources\/blogs\/faces-of-calian-brian-gyetko\/"},"modified":"2026-03-19T10:59:21","modified_gmt":"2026-03-19T14:59:21","slug":"faces-of-calian-brian-gyetko","status":"publish","type":"blog","link":"https:\/\/www.calian.com\/resources\/fr\/blogues\/faces-of-calian-brian-gyetko\/","title":{"rendered":"Visages de Calian : Brian Gyetko"},"content":{"rendered":"\n<div class=\"tbk-hydrate-component\" data-cid=\"763d44e7-02e8-4418-aadd-6b7fb5299218\" data-component=\"CalianContainer\"><div class=\"calian-container wp-block-calian-com-components-calian-container\"><div>\n<div class=\"tbk-hydrate-component\" data-cid=\"4a55e45c-22ed-4fa2-bf90-41f613a45ac8\" data-component=\"Spacer\"><div class=\"calian-spacer wp-block-calian-com-components-calian-spacer\"><\/div><\/div>\n\n\n\n<div class=\"wp-block-columns is-layout-flex wp-container-core-columns-is-layout-9d6595d7 wp-block-columns-is-layout-flex\">\n<div class=\"wp-block-column is-layout-flow wp-block-column-is-layout-flow\" style=\"flex-basis:20px\"><\/div>\n\n\n\n<div class=\"wp-block-column is-layout-flow wp-block-column-is-layout-flow\">\n<div class=\"tbk-hydrate-component\" data-cid=\"27852232-6097-478d-bdd0-fd1ac991a3e2\" data-component=\"Spacer\"><div class=\"calian-spacer calian-spacer--small wp-block-calian-com-components-calian-spacer\"><\/div><\/div>\n\n\n\n<h3 class=\"wp-block-heading has-text-align-center has-text-color has-link-color wp-elements-a93d3b4612416e6815fcbc647e472d7c\" style=\"color:#0574b9\"><em>Les visages de Calian mettent en lumi\u00e8re notre incroyable \u00e9quipe, en partageant les personnes, les histoires et le travail qui font prosp\u00e9rer notre entreprise.<\/em><\/h3>\n\n\n\n<div class=\"tbk-hydrate-component\" data-cid=\"efd594d7-cf28-4231-bacd-9b7d8947f430\" data-component=\"Spacer\"><div class=\"calian-spacer calian-spacer--extra-small wp-block-calian-com-components-calian-spacer\"><\/div><\/div>\n\n\n\n<h5 class=\"wp-block-heading has-text-align-center\">Ci-dessous, nous interviewons Brian Gyetko de notre bureau de Saskatoon.<\/h5>\n<\/div>\n\n\n\n<div class=\"wp-block-column is-layout-flow wp-block-column-is-layout-flow\" style=\"flex-basis:20px\"><\/div>\n<\/div>\n\n\n\n<hr class=\"wp-block-separator has-text-color has-black-color has-alpha-channel-opacity has-black-background-color has-background is-style-default\" \/>\n\n\n\n<div class=\"tbk-hydrate-component\" data-cid=\"27852232-6097-478d-bdd0-fd1ac991a3e2\" data-component=\"Spacer\"><div class=\"calian-spacer calian-spacer--small wp-block-calian-com-components-calian-spacer\"><\/div><\/div>\n\n\n\n<h4 class=\"wp-block-heading\">Brian, vous avez d\u00e9j\u00e0 repr\u00e9sent\u00e9 le Canada aux Jeux olympiques en tennis. Comment s&#8217;est d\u00e9roul\u00e9e cette exp\u00e9rience ? <\/h4>\n\n\n\n<p>Participer aux Jeux olympiques d&#8217;\u00e9t\u00e9 de 1992 \u00e0 Barcelone a \u00e9t\u00e9 une exp\u00e9rience unique dans une vie.<\/p>\n\n\n\n<p>J&#8217;ai jou\u00e9 en double dans un tableau de 32 \u00e9quipes comprenant des noms comme Pete Sampras, Andre Agassi et Boris Becker, dont beaucoup \u00e9taient d\u00e9j\u00e0 des champions du Grand Chelem. Le fait de me retrouver sur les m\u00eames courts que ces athl\u00e8tes m&#8217;a rendu incroyablement fier du chemin que j&#8217;avais parcouru. <\/p>\n\n\n\n<p>Nous avons gagn\u00e9 notre match du premier tour contre le Danemark, ce qui a \u00e9t\u00e9 un grand moment pour nous. Au deuxi\u00e8me tour, nous avons perdu contre l&#8217;\u00e9quipe sud-africaine qui a remport\u00e9 la m\u00e9daille d&#8217;argent. <\/p>\n\n\n\n<p>Bien que nous ayons \u00e9t\u00e9 \u00e9limin\u00e9s \u00e0 mi-parcours, cela nous a permis de vivre les Jeux olympiques en tant que spectateurs et de nous impr\u00e9gner pleinement de l&#8217;atmosph\u00e8re.<\/p>\n\n\n\n<h4 class=\"wp-block-heading\">Y a-t-il un moment cl\u00e9 des Jeux olympiques qui vous revient en m\u00e9moire ?<\/h4>\n\n\n\n<p>L&#8217;entr\u00e9e lors des c\u00e9r\u00e9monies d&#8217;ouverture \u00e9tait l\u00e9gendaire et reste encore aujourd&#8217;hui grav\u00e9e dans ma m\u00e9moire.<\/p>\n\n\n\n<p>Nous avons pris un bus depuis le village olympique jusqu&#8217;au stade de basket-ball qui sert de zone d&#8217;attente pour tous les pays participants. Lorsque le Canada a \u00e9t\u00e9 appel\u00e9, nous nous sommes dirig\u00e9s vers le stade principal, guid\u00e9s par huit couloirs fix\u00e9s au sol. <\/p>\n\n\n\n<p>Lorsque nous sommes entr\u00e9s, la &#8220;Dream Team&#8221; du basket-ball am\u00e9ricain \u00e9tait assise sous les gradins &#8211; y compris Larry Bird, Magic Johnson, Michael Jordan &#8211; tous \u00e0 une longueur de bras ! Nous avons pris des photos et les flashs se sont d\u00e9clench\u00e9s partout. <\/p>\n\n\n\n<p>Nous avons \u00e9t\u00e9 rapidement pouss\u00e9s vers l&#8217;avant pour que le cort\u00e8ge puisse continuer \u00e0 avancer, mais ce fut une exp\u00e9rience extraordinaire que je n&#8217;oublierai jamais.<\/p>\n\n\n\n<div class=\"tbk-hydrate-component\" data-cid=\"efd594d7-cf28-4231-bacd-9b7d8947f430\" data-component=\"Spacer\"><div class=\"calian-spacer calian-spacer--extra-small wp-block-calian-com-components-calian-spacer\"><\/div><\/div>\n\n\n\n<div class=\"wp-block-columns is-layout-flex wp-container-core-columns-is-layout-9d6595d7 wp-block-columns-is-layout-flex\">\n<div class=\"wp-block-column is-layout-flow wp-block-column-is-layout-flow\" style=\"flex-basis:20px\"><\/div>\n\n\n\n<div class=\"wp-block-column is-layout-flow wp-block-column-is-layout-flow\" style=\"flex-basis:500px\"><div class=\"wp-block-image\">\n<figure class=\"aligncenter size-full is-resized\"><img loading=\"lazy\" decoding=\"async\" width=\"1192\" height=\"1789\" src=\"https:\/\/sites.calian.com\/app\/uploads\/sites\/11\/2026\/02\/DocImage000000002.jpg\" alt=\"\" class=\"wp-image-6096\" style=\"width:392px;height:auto\" srcset=\"https:\/\/sites.calian.com\/app\/uploads\/sites\/11\/2026\/02\/DocImage000000002.jpg 1192w, https:\/\/sites.calian.com\/app\/uploads\/sites\/11\/2026\/02\/DocImage000000002-200x300.jpg 200w, https:\/\/sites.calian.com\/app\/uploads\/sites\/11\/2026\/02\/DocImage000000002-682x1024.jpg 682w, https:\/\/sites.calian.com\/app\/uploads\/sites\/11\/2026\/02\/DocImage000000002-768x1153.jpg 768w, https:\/\/sites.calian.com\/app\/uploads\/sites\/11\/2026\/02\/DocImage000000002-1023x1536.jpg 1023w\" sizes=\"auto, (max-width: 1192px) 100vw, 1192px\" \/><\/figure><\/div><\/div>\n\n\n\n<div class=\"wp-block-column is-layout-flow wp-block-column-is-layout-flow\" style=\"flex-basis:25px\"><\/div>\n\n\n\n<div class=\"wp-block-column is-layout-flow wp-block-column-is-layout-flow\">\n<h4 class=\"wp-block-heading\">Revenons au d\u00e9but : comment avez-vous commenc\u00e9 \u00e0 jouer au tennis ?<\/h4>\n\n\n\n<p>J&#8217;ai grandi \u00e0 Welland, en Ontario, o\u00f9 le tennis a jou\u00e9 un r\u00f4le important dans ma vie. D\u00e8s l&#8217;\u00e2ge de trois ans, j&#8217;ai pass\u00e9 beaucoup de temps sur les courts &#8211; mon p\u00e8re jouait apr\u00e8s l&#8217;\u00e9cole et ma m\u00e8re voulait que la famille soit r\u00e9unie. Tr\u00e8s vite, les courts sont devenus ma deuxi\u00e8me maison.  <\/p>\n\n\n\n<p>\u00c0 l&#8217;\u00e2ge de six ans, je jouais jusqu&#8217;\u00e0 huit heures par jour. \u00c0 l&#8217;\u00e9poque, ce n&#8217;\u00e9tait pas forc\u00e9, c&#8217;\u00e9tait social. Nous tra\u00eenions ensemble, nous jouions avec n&#8217;importe qui et nous nous engagions dans des matchs d\u00e8s que des terrains se lib\u00e9raient. Lorsque les joueurs quittaient leur poste et qu&#8217;il fallait cr\u00e9er de nouvelles paires de doubles, c&#8217;est \u00e0 ce moment-l\u00e0 que j&#8217;entrais en jeu.   <\/p>\n\n\n\n<p>\u00c0 l&#8217;\u00e2ge de 10 ans, la comp\u00e9tition s&#8217;est intensifi\u00e9e. Pendant l&#8217;hiver, je me rendais \u00e0 Toronto la plupart des week-ends pour participer \u00e0 des tournois et je participais \u00e0 des comp\u00e9titions dans tout le sud de l&#8217;Ontario pendant l&#8217;\u00e9t\u00e9. <\/p>\n\n\n\n<p>Je me souviens encore d&#8217;un mois particuli\u00e8rement charg\u00e9 &#8211; six tournois au total, des petits tournois \u00e0 32 joueurs le week-end aux grands \u00e9v\u00e9nements \u00e0 128 joueurs pendant la semaine.<\/p>\n<\/div>\n\n\n\n<div class=\"wp-block-column is-layout-flow wp-block-column-is-layout-flow\" style=\"flex-basis:20px\"><\/div>\n<\/div>\n\n\n\n<div class=\"tbk-hydrate-component\" data-cid=\"27852232-6097-478d-bdd0-fd1ac991a3e2\" data-component=\"Spacer\"><div class=\"calian-spacer calian-spacer--small wp-block-calian-com-components-calian-spacer\"><\/div><\/div>\n\n\n\n<h4 class=\"wp-block-heading\">Comment \u00eates-vous pass\u00e9 du sport de haut niveau \u00e0 une carri\u00e8re chez Calian ?<\/h4>\n\n\n\n<p>J&#8217;ai commenc\u00e9 \u00e0 concourir au niveau national en tant que junior, remportant deux fois les championnats nationaux juniors du Canada, avant de passer au circuit international. Ce parcours m&#8217;a permis d&#8217;obtenir une bourse pour l&#8217;Arizona State University, o\u00f9 j&#8217;ai obtenu une licence en ing\u00e9nierie a\u00e9rospatiale et o\u00f9 j&#8217;ai \u00e9t\u00e9 trois fois All-American. <\/p>\n\n\n\n<p>Juste apr\u00e8s l&#8217;universit\u00e9, je me suis qualifi\u00e9e pour les Jeux olympiques, me retrouvant soudain sur l&#8217;une des plus grandes sc\u00e8nes du sport.<\/p>\n\n\n\n<p>J&#8217;ai continu\u00e9 \u00e0 jouer au tennis professionnel pendant quatre ans, atteignant le meilleur classement ATP du monde, soit 289 en simple et 155 en double. Cependant, vivre dans une valise tout au long de l&#8217;ann\u00e9e \u00e9tait un d\u00e9fi, et j&#8217;ai donc commenc\u00e9 \u00e0 me tourner vers une carri\u00e8re \u00e0 long terme. <\/p>\n\n\n\n<p>En 1996, j&#8217;ai d\u00e9m\u00e9nag\u00e9 dans l&#8217;ouest et j&#8217;ai rejoint Calian. Cela fait maintenant pr\u00e8s de 30 ans que je travaille pour l&#8217;organisation. <\/p>\n\n\n\n<h4 class=\"wp-block-heading\">Quelles le\u00e7ons tir\u00e9es de votre parcours olympique r\u00e9sonnent encore en vous ?<\/h4>\n\n\n\n<p>Atteindre les Jeux olympiques, c&#8217;est progresser r\u00e9guli\u00e8rement, mais monter d&#8217;un niveau exige de doubler les efforts, en se concentrant davantage, en faisant preuve de plus de discipline et en pr\u00eatant attention aux moindres d\u00e9tails. Ce redoublement d&#8217;efforts ne produit qu&#8217;un gain de 5 %, mais la diff\u00e9rence est \u00e9norme. <\/p>\n\n\n\n<p>Cet \u00e9tat d&#8217;esprit se traduit directement dans mon travail chez Calian.  <\/p>\n\n\n\n<div class=\"tbk-hydrate-component\" data-cid=\"6e47a7c4-f249-4421-bf1f-e432e35ed53e\" data-component=\"CalianContainer\"><div class=\"calian-container wp-block-calian-com-components-calian-container\"><div><\/div><\/div><\/div>\n\n\n\n<div class=\"tbk-hydrate-component\" data-cid=\"b0739c6d-274d-4784-b03b-2f7e793d6318\" data-component=\"CalianContainer\"><div class=\"calian-container wp-block-calian-com-components-calian-container\"><div>\n<div class=\"tbk-hydrate-component\" data-cid=\"1fab7c84-f15b-4edf-b97d-d761854fa3dc\" data-component=\"CalianContainer\"><div class=\"calian-container calian-container-md text-center wp-block-calian-com-components-calian-container\"><div>\n<div class=\"tbk-hydrate-component\" data-cid=\"d70086ea-0f88-410f-804a-2e221d215d8b\" data-component=\"Spacer\"><div class=\"calian-spacer wp-block-calian-com-components-calian-spacer\"><\/div><\/div>\n\n\n\n<div class=\"tbk-hydrate-component\" data-cid=\"c56bdf09-d5a8-4139-9cbe-45defac941c1\" data-component=\"BlockQuote\"><div class=\"calian-block-quote wp-block-calian-com-components-calian-block-quote\"><blockquote class=\"calian-block-quote__quote position-relative mx-auto px-4 ps-8 ps-md-4\">L&#8217;accent mis sur la qualit\u00e9, la pr\u00e9paration et le professionnalisme est ce qui distingue le bon du bon, que vous participiez \u00e0 une comp\u00e9tition sportive professionnelle ou que vous fournissiez des solutions techniques complexes \u00e0 vos clients.<\/blockquote><\/div><\/div>\n\n\n\n<h4 class=\"wp-block-heading has-text-align-center\">Brian Gyetko<\/h4>\n\n\n\n<div class=\"tbk-hydrate-component\" data-cid=\"27852232-6097-478d-bdd0-fd1ac991a3e2\" data-component=\"Spacer\"><div class=\"calian-spacer calian-spacer--small wp-block-calian-com-components-calian-spacer\"><\/div><\/div>\n\n\n\n<hr class=\"wp-block-separator has-text-color has-black-color has-alpha-channel-opacity has-black-background-color has-background is-style-default\" \/>\n\n\n\n<div class=\"tbk-hydrate-component\" data-cid=\"734d48ed-5c1c-49bf-817d-4e8bfeb9ea89\" data-component=\"Spacer\"><div class=\"calian-spacer calian-spacer--medium wp-block-calian-com-components-calian-spacer\"><\/div><\/div>\n<\/div><\/div><\/div>\n<\/div><\/div><\/div>\n\n\n\n<h4 class=\"wp-block-heading\">Quel est votre r\u00f4le chez Calian aujourd&#8217;hui ? Parlez-nous du type de travail que vous effectuez.<\/h4>\n\n\n\n<p>Je suis chef de projet technique logiciel senior au sein de l&#8217;\u00e9quipe de g\u00e9nie logiciel, o\u00f9 je dirige \u00e9galement le groupe d&#8217;interface utilisateur. Au fil des ans, mon r\u00f4le a \u00e9volu\u00e9 vers la direction de logiciels, puis vers la gestion de projets et la direction d&#8217;\u00e9quipes. <\/p>\n\n\n\n<p>Aujourd&#8217;hui, une grande partie de mon travail porte sur les produits de communication par satellite, notamment l&#8217;<a href=\"https:\/\/www.calian.com\/advanced-technologies\/space-satcom\/illuminator-decimator-d4\/\">Illuminator Decimator<\/a>. Il s&#8217;agit d&#8217;une solution de surveillance des op\u00e9rateurs multi-sites utilis\u00e9e pour mesurer la puissance des op\u00e9rateurs, c&#8217;est-\u00e0-dire la puissance transmise et re\u00e7ue sur les r\u00e9seaux. <\/p>\n\n\n\n<h4 class=\"wp-block-heading\">Qu&#8217;est-ce qui vous pla\u00eet le plus dans le fait de travailler pour Calian ?<\/h4>\n\n\n\n<p>Sans aucun doute, c&#8217;est la population.<\/p>\n\n\n\n<p>L&#8217;acuit\u00e9 technique, l&#8217;int\u00e9grit\u00e9 et la qualit\u00e9 du travail sont exceptionnelles. Si un client pose une question, il y a toujours quelqu&#8217;un qui conna\u00eet la r\u00e9ponse. C&#8217;est cette expertise collective et cet \u00e9tat d&#8217;esprit collaboratif qui font la sp\u00e9cificit\u00e9 de Calian.  <\/p>\n\n\n\n<h4 class=\"wp-block-heading\">Avez-vous un moment pr\u00e9f\u00e9r\u00e9 de Calian ?<\/h4>\n\n\n\n<p>Il y en a tellement, mais les moments les plus marquants sont ceux o\u00f9 un produit sur lequel vous avez travaill\u00e9 dur commence \u00e0 faire des adeptes. Entendre le service des ventes dire &#8220;Nous en avons vendu un autre&#8221; n&#8217;est jamais ennuyeux. <\/p>\n\n\n\n<div class=\"tbk-hydrate-component\" data-cid=\"efd594d7-cf28-4231-bacd-9b7d8947f430\" data-component=\"Spacer\"><div class=\"calian-spacer calian-spacer--extra-small wp-block-calian-com-components-calian-spacer\"><\/div><\/div>\n\n\n\n<div class=\"wp-block-columns is-layout-flex wp-container-core-columns-is-layout-9d6595d7 wp-block-columns-is-layout-flex\">\n<div class=\"wp-block-column is-layout-flow wp-block-column-is-layout-flow\" style=\"flex-basis:20px\"><\/div>\n\n\n\n<div class=\"wp-block-column is-layout-flow wp-block-column-is-layout-flow\">\n<div class=\"tbk-hydrate-component\" data-cid=\"27852232-6097-478d-bdd0-fd1ac991a3e2\" data-component=\"Spacer\"><div class=\"calian-spacer calian-spacer--small wp-block-calian-com-components-calian-spacer\"><\/div><\/div>\n\n\n\n<h4 class=\"wp-block-heading\">Qu&#8217;est-ce qui vous occupe en dehors de votre travail ?<\/h4>\n\n\n\n<p>Je suis toujours entra\u00eeneur de tennis. J&#8217;aime aider les autres \u00e0 comprendre non seulement les m\u00e9canismes du jeu, mais aussi le fonctionnement de l&#8217;esprit sous pression. Il existe de nombreux parall\u00e8les entre l&#8217;entra\u00eenement, l&#8217;ing\u00e9nierie et le leadership : l&#8217;empathie, la communication et la d\u00e9composition de probl\u00e8mes complexes en \u00e9l\u00e9ments g\u00e9rables.  <\/p>\n\n\n\n<p>J&#8217;aime aussi cuisiner et faire des p\u00e2tisseries. J&#8217;apporte assez r\u00e9guli\u00e8rement des tartes au travail, parfois pour remercier quelqu&#8217;un qui a fait un excellent travail. Pendant les f\u00eates, je pr\u00e9pare souvent 15 \u00e0 20 tartes que je donne \u00e0 la banque alimentaire pour que les familles puissent profiter de quelque chose de sp\u00e9cial.  <\/p>\n\n\n\n<p>Pour moi, utiliser le c\u00f4t\u00e9 cr\u00e9atif de mon cerveau &#8211; que ce soit dans la p\u00e2tisserie ou l&#8217;ing\u00e9nierie &#8211; est un \u00e9l\u00e9ment important pour rester \u00e9quilibr\u00e9.<\/p>\n<\/div>\n\n\n\n<div class=\"wp-block-column is-layout-flow wp-block-column-is-layout-flow\" style=\"flex-basis:75px\"><\/div>\n\n\n\n<div class=\"wp-block-column is-layout-flow wp-block-column-is-layout-flow\" style=\"flex-basis:500px\"><div class=\"wp-block-image\">\n<figure class=\"aligncenter size-full is-resized\"><img loading=\"lazy\" decoding=\"async\" width=\"531\" height=\"800\" src=\"https:\/\/sites.calian.com\/app\/uploads\/sites\/11\/2026\/02\/Forehand-1.jpg\" alt=\"\" class=\"wp-image-6098\" style=\"width:376px;height:auto\" srcset=\"https:\/\/sites.calian.com\/app\/uploads\/sites\/11\/2026\/02\/Forehand-1.jpg 531w, https:\/\/sites.calian.com\/app\/uploads\/sites\/11\/2026\/02\/Forehand-1-199x300.jpg 199w\" sizes=\"auto, (max-width: 531px) 100vw, 531px\" \/><\/figure><\/div><\/div>\n\n\n\n<div class=\"wp-block-column is-layout-flow wp-block-column-is-layout-flow\" style=\"flex-basis:20px\"><\/div>\n<\/div>\n\n\n\n<div class=\"tbk-hydrate-component\" data-cid=\"53ac0c3c-1f3b-4fac-936c-cb3914204f33\" data-component=\"Spacer\"><div class=\"calian-spacer wp-block-calian-com-components-calian-spacer\"><\/div><\/div>\n<\/div><\/div><\/div>\n\n<p><\/p>\n","protected":false},"excerpt":{"rendered":"<p>Olympien. Ing\u00e9nieur. Leader. Rencontrez Brian Gyetko, chef de projet technique logiciel senior au sein de l&#8217;\u00e9quipe d&#8217;ing\u00e9nierie logicielle de Calian.<\/p>\n","protected":false},"featured_media":6161,"template":"","business_unit":[186],"solution":[],"industry":[219],"type_classification":[],"class_list":["post-6081","blog","type-blog","status-publish","has-post-thumbnail","hentry","business_unit-entreprise","industry-visages-de-calian"],"acf":{"enable_related_resources_carousel":true,"related_resources_carousel_title":"Related Resources","related_resources_max_posts":3,"related_resources_max_per_type":0,"related_resources_override_solutions":[],"related_resources_override_industries":[],"related_resources_hide_excerpts":false},"yoast_head":"<!-- This site is optimized with the Yoast SEO plugin v26.4 - https:\/\/yoast.com\/wordpress\/plugins\/seo\/ -->\n<title>Visages de Calian : Brian Gyetko - Ressources<\/title>\n<meta name=\"description\" content=\"Brian Gyetko, athl\u00e8te olympique, partage son parcours depuis les Jeux de Barcelone en 1992 jusqu&#039;au poste de chef de projet technique logiciel chez Calian.\" \/>\n<meta name=\"robots\" content=\"index, follow, max-snippet:-1, max-image-preview:large, max-video-preview:-1\" \/>\n<link rel=\"canonical\" href=\"https:\/\/www.calian.com\/resources\/fr\/blogues\/faces-of-calian-brian-gyetko\/\" \/>\n<meta property=\"og:locale\" content=\"fr_FR\" \/>\n<meta property=\"og:type\" content=\"article\" \/>\n<meta property=\"og:title\" content=\"Visages de Calian : Brian Gyetko - Ressources\" \/>\n<meta property=\"og:description\" content=\"Brian Gyetko, athl\u00e8te olympique, partage son parcours depuis les Jeux de Barcelone en 1992 jusqu&#039;au poste de chef de projet technique logiciel chez Calian.\" \/>\n<meta property=\"og:url\" content=\"https:\/\/www.calian.com\/resources\/fr\/blogues\/faces-of-calian-brian-gyetko\/\" \/>\n<meta property=\"og:site_name\" content=\"Ressources\" \/>\n<meta property=\"article:modified_time\" content=\"2026-03-19T14:59:21+00:00\" \/>\n<meta property=\"og:image\" content=\"https:\/\/sites.calian.com\/app\/uploads\/sites\/11\/2026\/02\/AdobeStock_885214227_Editorial_Use_Only-scaled.jpeg\" \/>\n\t<meta property=\"og:image:width\" content=\"2560\" \/>\n\t<meta property=\"og:image:height\" content=\"1440\" \/>\n\t<meta property=\"og:image:type\" content=\"image\/jpeg\" \/>\n<meta name=\"twitter:card\" content=\"summary_large_image\" \/>\n<meta name=\"twitter:label1\" content=\"Est. reading time\" \/>\n\t<meta name=\"twitter:data1\" content=\"6 minutes\" \/>\n<script type=\"application\/ld+json\" class=\"yoast-schema-graph\">{\"@context\":\"https:\/\/schema.org\",\"@graph\":[{\"@type\":\"WebPage\",\"@id\":\"https:\/\/www.calian.com\/resources\/fr\/blogues\/faces-of-calian-brian-gyetko\/\",\"url\":\"https:\/\/www.calian.com\/resources\/fr\/blogues\/faces-of-calian-brian-gyetko\/\",\"name\":\"Visages de Calian : Brian Gyetko - Ressources\",\"isPartOf\":{\"@id\":\"https:\/\/www.calian.com\/resources\/fr\/#website\"},\"primaryImageOfPage\":{\"@id\":\"https:\/\/www.calian.com\/resources\/fr\/blogues\/faces-of-calian-brian-gyetko\/#primaryimage\"},\"image\":{\"@id\":\"https:\/\/www.calian.com\/resources\/fr\/blogues\/faces-of-calian-brian-gyetko\/#primaryimage\"},\"thumbnailUrl\":\"https:\/\/sites.calian.com\/app\/uploads\/sites\/11\/2026\/02\/AdobeStock_885214227_Editorial_Use_Only-scaled.jpeg\",\"datePublished\":\"2026-02-12T15:30:58+00:00\",\"dateModified\":\"2026-03-19T14:59:21+00:00\",\"description\":\"Brian Gyetko, athl\u00e8te olympique, partage son parcours depuis les Jeux de Barcelone en 1992 jusqu'au poste de chef de projet technique logiciel chez Calian.\",\"breadcrumb\":{\"@id\":\"https:\/\/www.calian.com\/resources\/fr\/blogues\/faces-of-calian-brian-gyetko\/#breadcrumb\"},\"inLanguage\":\"fr-FR\",\"potentialAction\":[{\"@type\":\"ReadAction\",\"target\":[\"https:\/\/www.calian.com\/resources\/fr\/blogues\/faces-of-calian-brian-gyetko\/\"]}]},{\"@type\":\"ImageObject\",\"inLanguage\":\"fr-FR\",\"@id\":\"https:\/\/www.calian.com\/resources\/fr\/blogues\/faces-of-calian-brian-gyetko\/#primaryimage\",\"url\":\"https:\/\/sites.calian.com\/app\/uploads\/sites\/11\/2026\/02\/AdobeStock_885214227_Editorial_Use_Only-scaled.jpeg\",\"contentUrl\":\"https:\/\/sites.calian.com\/app\/uploads\/sites\/11\/2026\/02\/AdobeStock_885214227_Editorial_Use_Only-scaled.jpeg\",\"width\":2560,\"height\":1440},{\"@type\":\"BreadcrumbList\",\"@id\":\"https:\/\/www.calian.com\/resources\/fr\/blogues\/faces-of-calian-brian-gyetko\/#breadcrumb\",\"itemListElement\":[{\"@type\":\"ListItem\",\"position\":1,\"name\":\"Accueil\",\"item\":\"https:\/\/www.calian.com\/resources\/fr\/blogues\/\"},{\"@type\":\"ListItem\",\"position\":2,\"name\":\"Visages de Calian : Brian Gyetko\"}]},{\"@type\":\"WebSite\",\"@id\":\"https:\/\/www.calian.com\/resources\/fr\/#website\",\"url\":\"https:\/\/www.calian.com\/resources\/fr\/\",\"name\":\"Ressources\",\"description\":\"\",\"potentialAction\":[{\"@type\":\"SearchAction\",\"target\":{\"@type\":\"EntryPoint\",\"urlTemplate\":\"https:\/\/www.calian.com\/resources\/fr\/?s={search_term_string}\"},\"query-input\":{\"@type\":\"PropertyValueSpecification\",\"valueRequired\":true,\"valueName\":\"search_term_string\"}}],\"inLanguage\":\"fr-FR\"}]}<\/script>\n<!-- \/ Yoast SEO plugin. -->","yoast_head_json":{"title":"Visages de Calian : Brian Gyetko - Ressources","description":"Brian Gyetko, athl\u00e8te olympique, partage son parcours depuis les Jeux de Barcelone en 1992 jusqu'au poste de chef de projet technique logiciel chez Calian.","robots":{"index":"index","follow":"follow","max-snippet":"max-snippet:-1","max-image-preview":"max-image-preview:large","max-video-preview":"max-video-preview:-1"},"canonical":"https:\/\/www.calian.com\/resources\/fr\/blogues\/faces-of-calian-brian-gyetko\/","og_locale":"fr_FR","og_type":"article","og_title":"Visages de Calian : Brian Gyetko - Ressources","og_description":"Brian Gyetko, athl\u00e8te olympique, partage son parcours depuis les Jeux de Barcelone en 1992 jusqu'au poste de chef de projet technique logiciel chez Calian.","og_url":"https:\/\/www.calian.com\/resources\/fr\/blogues\/faces-of-calian-brian-gyetko\/","og_site_name":"Ressources","article_modified_time":"2026-03-19T14:59:21+00:00","og_image":[{"width":2560,"height":1440,"url":"https:\/\/sites.calian.com\/app\/uploads\/sites\/11\/2026\/02\/AdobeStock_885214227_Editorial_Use_Only-scaled.jpeg","type":"image\/jpeg"}],"twitter_card":"summary_large_image","twitter_misc":{"Est. reading time":"6 minutes"},"schema":{"@context":"https:\/\/schema.org","@graph":[{"@type":"WebPage","@id":"https:\/\/www.calian.com\/resources\/fr\/blogues\/faces-of-calian-brian-gyetko\/","url":"https:\/\/www.calian.com\/resources\/fr\/blogues\/faces-of-calian-brian-gyetko\/","name":"Visages de Calian : Brian Gyetko - Ressources","isPartOf":{"@id":"https:\/\/www.calian.com\/resources\/fr\/#website"},"primaryImageOfPage":{"@id":"https:\/\/www.calian.com\/resources\/fr\/blogues\/faces-of-calian-brian-gyetko\/#primaryimage"},"image":{"@id":"https:\/\/www.calian.com\/resources\/fr\/blogues\/faces-of-calian-brian-gyetko\/#primaryimage"},"thumbnailUrl":"https:\/\/sites.calian.com\/app\/uploads\/sites\/11\/2026\/02\/AdobeStock_885214227_Editorial_Use_Only-scaled.jpeg","datePublished":"2026-02-12T15:30:58+00:00","dateModified":"2026-03-19T14:59:21+00:00","description":"Brian Gyetko, athl\u00e8te olympique, partage son parcours depuis les Jeux de Barcelone en 1992 jusqu'au poste de chef de projet technique logiciel chez Calian.","breadcrumb":{"@id":"https:\/\/www.calian.com\/resources\/fr\/blogues\/faces-of-calian-brian-gyetko\/#breadcrumb"},"inLanguage":"fr-FR","potentialAction":[{"@type":"ReadAction","target":["https:\/\/www.calian.com\/resources\/fr\/blogues\/faces-of-calian-brian-gyetko\/"]}]},{"@type":"ImageObject","inLanguage":"fr-FR","@id":"https:\/\/www.calian.com\/resources\/fr\/blogues\/faces-of-calian-brian-gyetko\/#primaryimage","url":"https:\/\/sites.calian.com\/app\/uploads\/sites\/11\/2026\/02\/AdobeStock_885214227_Editorial_Use_Only-scaled.jpeg","contentUrl":"https:\/\/sites.calian.com\/app\/uploads\/sites\/11\/2026\/02\/AdobeStock_885214227_Editorial_Use_Only-scaled.jpeg","width":2560,"height":1440},{"@type":"BreadcrumbList","@id":"https:\/\/www.calian.com\/resources\/fr\/blogues\/faces-of-calian-brian-gyetko\/#breadcrumb","itemListElement":[{"@type":"ListItem","position":1,"name":"Accueil","item":"https:\/\/www.calian.com\/resources\/fr\/blogues\/"},{"@type":"ListItem","position":2,"name":"Visages de Calian : Brian Gyetko"}]},{"@type":"WebSite","@id":"https:\/\/www.calian.com\/resources\/fr\/#website","url":"https:\/\/www.calian.com\/resources\/fr\/","name":"Ressources","description":"","potentialAction":[{"@type":"SearchAction","target":{"@type":"EntryPoint","urlTemplate":"https:\/\/www.calian.com\/resources\/fr\/?s={search_term_string}"},"query-input":{"@type":"PropertyValueSpecification","valueRequired":true,"valueName":"search_term_string"}}],"inLanguage":"fr-FR"}]}},"_links":{"self":[{"href":"https:\/\/resources.calian.com\/fr\/wp-json\/wp\/v2\/blog\/6081","targetHints":{"allow":["GET"]}}],"collection":[{"href":"https:\/\/resources.calian.com\/fr\/wp-json\/wp\/v2\/blog"}],"about":[{"href":"https:\/\/resources.calian.com\/fr\/wp-json\/wp\/v2\/types\/blog"}],"wp:featuredmedia":[{"embeddable":true,"href":"https:\/\/resources.calian.com\/fr\/wp-json\/wp\/v2\/media\/6161"}],"wp:attachment":[{"href":"https:\/\/resources.calian.com\/fr\/wp-json\/wp\/v2\/media?parent=6081"}],"wp:term":[{"taxonomy":"business_unit","embeddable":true,"href":"https:\/\/resources.calian.com\/fr\/wp-json\/wp\/v2\/business_unit?post=6081"},{"taxonomy":"solution","embeddable":true,"href":"https:\/\/resources.calian.com\/fr\/wp-json\/wp\/v2\/solution?post=6081"},{"taxonomy":"industry","embeddable":true,"href":"https:\/\/resources.calian.com\/fr\/wp-json\/wp\/v2\/industry?post=6081"},{"taxonomy":"type_classification","embeddable":true,"href":"https:\/\/resources.calian.com\/fr\/wp-json\/wp\/v2\/type_classification?post=6081"}],"curies":[{"name":"wp","href":"https:\/\/api.w.org\/{rel}","templated":true}]}}