{"id":6826,"date":"2026-08-26T07:24:26","date_gmt":"2026-08-26T11:24:26","guid":{"rendered":"https:\/\/www.calian.com\/resources\/?post_type=news-media&#038;p=6826"},"modified":"2026-08-26T07:25:20","modified_gmt":"2026-08-26T11:25:20","slug":"calian-annonce-la-conclusion-dun-accord-pour-la-vente-de-son-activite-informatique-commerciale-aux-etats-unis-a-trace3","status":"publish","type":"news-media","link":"https:\/\/www.calian.com\/resources\/fr\/medias\/calian-annonce-la-conclusion-dun-accord-pour-la-vente-de-son-activite-informatique-commerciale-aux-etats-unis-a-trace3\/","title":{"rendered":"Calian annonce la conclusion d&#8217;un accord en vue de la cession de son activit\u00e9 informatique commerciale aux \u00c9tats-Unis \u00e0 Trace3"},"content":{"rendered":"\n<div class=\"tbk-hydrate-component\" data-cid=\"c646c96c-8a43-4da8-9e08-4da2d4672f6f\" data-component=\"Container\"><div class=\"container wp-block-tbk-components-container\" style=\"background-position:center;background-size:cover\"><div>\n<p class=\"wp-block-paragraph\">Cette cession s&#8217;inscrit dans la strat\u00e9gie de Calian visant \u00e0 concentrer ses ressources et ses comp\u00e9tences sur des opportunit\u00e9s \u00e0 forte croissance et \u00e0 forte marge dans les secteurs de la d\u00e9fense, de l&#8217;espace et des industries essentielles<\/p>\n\n\n\n<p class=\"wp-block-paragraph\">OTTAWA, ON, le 25 ao\u00fbt 2026 \u2013 Calian Group Ltd. (\u00ab la Soci\u00e9t\u00e9 \u00bb) (TSX : CGY), une entreprise sp\u00e9cialis\u00e9e dans les solutions critiques pour les secteurs de la d\u00e9fense, de l&#8217;espace, de la sant\u00e9 et d&#8217;autres infrastructures essentielles, a annonc\u00e9 aujourd&#8217;hui avoir conclu un accord d\u00e9finitif en vue de c\u00e9der son activit\u00e9 am\u00e9ricaine de services informatiques commerciaux, bas\u00e9e \u00e0 Houston, au Texas, \u00e0 Trace3, un fournisseur de solutions technologiques de premier plan et un cabinet de conseil en transformation num\u00e9rique dont le si\u00e8ge social est situ\u00e9 \u00e0 Irvine, en Californie.<\/p>\n\n\n\n<p class=\"wp-block-paragraph\">Cet accord pr\u00e9voit le versement initial d&#8217;une somme d&#8217;environ 43 millions de dollars canadiens (31 millions de dollars am\u00e9ricains) ainsi que la prise en charge par l&#8217;acqu\u00e9reur de certains passifs nets totalisant environ 17 millions de dollars canadiens (12 millions de dollars am\u00e9ricains). La transaction devrait \u00eatre finalis\u00e9e au cours du quatri\u00e8me trimestre fiscal de la Soci\u00e9t\u00e9, sous r\u00e9serve de l&#8217;obtention de diverses autorisations et du respect d&#8217;autres conditions de cl\u00f4ture habituelles. <\/p>\n\n\n\n<p class=\"wp-block-paragraph\"><strong>Justification strat\u00e9gique<\/strong><\/p>\n\n\n\n<p class=\"wp-block-paragraph\">Cette cession s&#8217;inscrit dans la strat\u00e9gie d\u00e9lib\u00e9r\u00e9e de Calian visant \u00e0 concentrer ses ressources et ses comp\u00e9tences sur des opportunit\u00e9s \u00e0 forte croissance et \u00e0 forte marge dans les secteurs de la d\u00e9fense, de l&#8217;espace et des industries essentielles, notamment la sant\u00e9 et le nucl\u00e9aire, au Canada, aux \u00c9tats-Unis, au Royaume-Uni et en Europe. Le produit de la cession sera affect\u00e9 \u00e0 des initiatives de croissance organique ainsi qu\u2019aux projets de fusions et acquisitions de Calian dans ses secteurs d\u2019activit\u00e9 cl\u00e9s. En tenant compte des flux de tr\u00e9sorerie g\u00e9n\u00e9r\u00e9s pendant la p\u00e9riode de d\u00e9tention et du produit de la cession, Calian a d\u00e9gag\u00e9 un TRI (taux de rendement interne) de l\u2019ordre de 15 % au cours de ses cinq ann\u00e9es de d\u00e9tention.  <\/p>\n\n\n\n<p class=\"wp-block-paragraph\">\u00ab Cette op\u00e9ration permet \u00e0 notre entreprise de recentrer sa strat\u00e9gie et de r\u00e9affecter ses capitaux vers les march\u00e9s sur lesquels Calian b\u00e9n\u00e9ficie de la position concurrentielle la plus solide et des meilleures perspectives \u00e0 long terme \u00bb, a d\u00e9clar\u00e9 Patrick Houston, pr\u00e9sident-directeur g\u00e9n\u00e9ral de Calian. \u00ab Depuis l\u2019acquisition de l\u2019activit\u00e9 informatique commerciale aux \u00c9tats-Unis, Calian a \u00e9tendu sa pr\u00e9sence sur le territoire am\u00e9ricain et s\u2019est dot\u00e9e d\u2019une plateforme de croissance plus solide. Au fur et \u00e0 mesure que notre strat\u00e9gie a \u00e9volu\u00e9, nous estimons que cette activit\u00e9 est d\u00e9sormais mieux plac\u00e9e au sein de Trace3, o\u00f9 elle pourra continuer \u00e0 se d\u00e9velopper et \u00e0 prosp\u00e9rer au sein d\u2019une entreprise profond\u00e9ment ax\u00e9e sur les solutions technologiques d\u2019entreprise. Il s\u2019agit de la prochaine \u00e9tape appropri\u00e9e pour les deux organisations, et nous souhaitons \u00e0 l\u2019\u00e9quipe de poursuivre sur la voie du succ\u00e8s. \u00bb <\/p>\n<\/div><\/div><\/div>\n\n<p class=\"wp-block-paragraph\"><\/p>\n","protected":false},"excerpt":{"rendered":"<p>Calian va c\u00e9der son activit\u00e9 informatique grand public aux \u00c9tats-Unis (U.S.), bas\u00e9e \u00e0 Houston, au Texas, \u00e0 Trace3, un prestataire de solutions technologiques de premier plan et cabinet de conseil en transformation num\u00e9rique.<\/p>\n","protected":false},"featured_media":5806,"template":"","categories":[24],"business_unit":[136,123],"solution":[152],"industry":[149],"type_classification":[],"news_media_type":[140,142,138],"fiscal_year":[217],"class_list":["post-6826","news-media","type-news-media","status-publish","has-post-thumbnail","hentry","category-non-classifiee","business_unit-relations-avec-les-investisseurs","business_unit-solutions-informatiques-et-cybernetiques","solution-informatique-dentreprise","industry-securite-publique","news_media_type-actualites-fr","news_media_type-communiques-de-presse","news_media_type-investisseurs","fiscal_year-2026-fr"],"acf":{"enable_related_resources_carousel":true,"related_resources_carousel_title":"Related Resources","related_resources_max_posts":3,"related_resources_max_per_type":0,"related_resources_override_solutions":[],"related_resources_override_industries":[],"related_resources_hide_excerpts":false},"yoast_head":"<!-- This site is optimized with the Yoast SEO plugin v26.4 - https:\/\/yoast.com\/wordpress\/plugins\/seo\/ -->\n<title>Calian annonce la conclusion d&#039;un accord en vue de la cession de son activit\u00e9 informatique commerciale aux \u00c9tats-Unis \u00e0 Trace3 - Ressources<\/title>\n<meta name=\"robots\" content=\"index, follow, max-snippet:-1, max-image-preview:large, max-video-preview:-1\" \/>\n<link rel=\"canonical\" href=\"https:\/\/www.calian.com\/resources\/fr\/medias\/calian-annonce-la-conclusion-dun-accord-pour-la-vente-de-son-activite-informatique-commerciale-aux-etats-unis-a-trace3\/\" \/>\n<meta property=\"og:locale\" content=\"fr_FR\" \/>\n<meta property=\"og:type\" content=\"article\" \/>\n<meta property=\"og:title\" content=\"Calian annonce la conclusion d&#039;un accord en vue de la cession de son activit\u00e9 informatique commerciale aux \u00c9tats-Unis \u00e0 Trace3 - Ressources\" \/>\n<meta property=\"og:description\" content=\"Calian va c\u00e9der son activit\u00e9 informatique grand public aux \u00c9tats-Unis (U.S.), bas\u00e9e \u00e0 Houston, au Texas, \u00e0 Trace3, un prestataire de solutions technologiques de premier plan et cabinet de conseil en transformation num\u00e9rique.\" \/>\n<meta property=\"og:url\" content=\"https:\/\/www.calian.com\/resources\/fr\/medias\/calian-annonce-la-conclusion-dun-accord-pour-la-vente-de-son-activite-informatique-commerciale-aux-etats-unis-a-trace3\/\" \/>\n<meta property=\"og:site_name\" content=\"Ressources\" \/>\n<meta property=\"article:modified_time\" content=\"2026-08-26T11:25:20+00:00\" \/>\n<meta property=\"og:image\" content=\"https:\/\/sites.calian.com\/app\/uploads\/sites\/11\/2026\/06\/SC-Project-Community-1-1024x536.png\" \/>\n<meta name=\"twitter:card\" content=\"summary_large_image\" \/>\n<meta name=\"twitter:label1\" content=\"Est. reading time\" \/>\n\t<meta name=\"twitter:data1\" content=\"3 minutes\" \/>\n<script type=\"application\/ld+json\" class=\"yoast-schema-graph\">{\"@context\":\"https:\/\/schema.org\",\"@graph\":[{\"@type\":\"WebPage\",\"@id\":\"https:\/\/www.calian.com\/resources\/fr\/medias\/calian-annonce-la-conclusion-dun-accord-pour-la-vente-de-son-activite-informatique-commerciale-aux-etats-unis-a-trace3\/\",\"url\":\"https:\/\/www.calian.com\/resources\/fr\/medias\/calian-annonce-la-conclusion-dun-accord-pour-la-vente-de-son-activite-informatique-commerciale-aux-etats-unis-a-trace3\/\",\"name\":\"Calian annonce la conclusion d'un accord en vue de la cession de son activit\u00e9 informatique commerciale aux \u00c9tats-Unis \u00e0 Trace3 - Ressources\",\"isPartOf\":{\"@id\":\"https:\/\/www.calian.com\/resources\/fr\/#website\"},\"primaryImageOfPage\":{\"@id\":\"https:\/\/www.calian.com\/resources\/fr\/medias\/calian-annonce-la-conclusion-dun-accord-pour-la-vente-de-son-activite-informatique-commerciale-aux-etats-unis-a-trace3\/#primaryimage\"},\"image\":{\"@id\":\"https:\/\/www.calian.com\/resources\/fr\/medias\/calian-annonce-la-conclusion-dun-accord-pour-la-vente-de-son-activite-informatique-commerciale-aux-etats-unis-a-trace3\/#primaryimage\"},\"thumbnailUrl\":\"https:\/\/sites.calian.com\/app\/uploads\/sites\/11\/2025\/11\/Calian-logo.png\",\"datePublished\":\"2026-08-26T11:24:26+00:00\",\"dateModified\":\"2026-08-26T11:25:20+00:00\",\"breadcrumb\":{\"@id\":\"https:\/\/www.calian.com\/resources\/fr\/medias\/calian-annonce-la-conclusion-dun-accord-pour-la-vente-de-son-activite-informatique-commerciale-aux-etats-unis-a-trace3\/#breadcrumb\"},\"inLanguage\":\"fr-FR\",\"potentialAction\":[{\"@type\":\"ReadAction\",\"target\":[\"https:\/\/www.calian.com\/resources\/fr\/medias\/calian-annonce-la-conclusion-dun-accord-pour-la-vente-de-son-activite-informatique-commerciale-aux-etats-unis-a-trace3\/\"]}]},{\"@type\":\"ImageObject\",\"inLanguage\":\"fr-FR\",\"@id\":\"https:\/\/www.calian.com\/resources\/fr\/medias\/calian-annonce-la-conclusion-dun-accord-pour-la-vente-de-son-activite-informatique-commerciale-aux-etats-unis-a-trace3\/#primaryimage\",\"url\":\"https:\/\/sites.calian.com\/app\/uploads\/sites\/11\/2025\/11\/Calian-logo.png\",\"contentUrl\":\"https:\/\/sites.calian.com\/app\/uploads\/sites\/11\/2025\/11\/Calian-logo.png\",\"width\":1040,\"height\":581},{\"@type\":\"BreadcrumbList\",\"@id\":\"https:\/\/www.calian.com\/resources\/fr\/medias\/calian-annonce-la-conclusion-dun-accord-pour-la-vente-de-son-activite-informatique-commerciale-aux-etats-unis-a-trace3\/#breadcrumb\",\"itemListElement\":[{\"@type\":\"ListItem\",\"position\":1,\"name\":\"Accueil\",\"item\":\"https:\/\/www.calian.com\/resources\/fr\/medias\/\"},{\"@type\":\"ListItem\",\"position\":2,\"name\":\"Calian annonce la conclusion d&#8217;un accord en vue de la cession de son activit\u00e9 informatique commerciale aux \u00c9tats-Unis \u00e0 Trace3\"}]},{\"@type\":\"WebSite\",\"@id\":\"https:\/\/www.calian.com\/resources\/fr\/#website\",\"url\":\"https:\/\/www.calian.com\/resources\/fr\/\",\"name\":\"Ressources\",\"description\":\"\",\"potentialAction\":[{\"@type\":\"SearchAction\",\"target\":{\"@type\":\"EntryPoint\",\"urlTemplate\":\"https:\/\/www.calian.com\/resources\/fr\/?s={search_term_string}\"},\"query-input\":{\"@type\":\"PropertyValueSpecification\",\"valueRequired\":true,\"valueName\":\"search_term_string\"}}],\"inLanguage\":\"fr-FR\"}]}<\/script>\n<!-- \/ Yoast SEO plugin. -->","yoast_head_json":{"title":"Calian annonce la conclusion d'un accord en vue de la cession de son activit\u00e9 informatique commerciale aux \u00c9tats-Unis \u00e0 Trace3 - Ressources","robots":{"index":"index","follow":"follow","max-snippet":"max-snippet:-1","max-image-preview":"max-image-preview:large","max-video-preview":"max-video-preview:-1"},"canonical":"https:\/\/www.calian.com\/resources\/fr\/medias\/calian-annonce-la-conclusion-dun-accord-pour-la-vente-de-son-activite-informatique-commerciale-aux-etats-unis-a-trace3\/","og_locale":"fr_FR","og_type":"article","og_title":"Calian annonce la conclusion d'un accord en vue de la cession de son activit\u00e9 informatique commerciale aux \u00c9tats-Unis \u00e0 Trace3 - Ressources","og_description":"Calian va c\u00e9der son activit\u00e9 informatique grand public aux \u00c9tats-Unis (U.S.), bas\u00e9e \u00e0 Houston, au Texas, \u00e0 Trace3, un prestataire de solutions technologiques de premier plan et cabinet de conseil en transformation num\u00e9rique.","og_url":"https:\/\/www.calian.com\/resources\/fr\/medias\/calian-annonce-la-conclusion-dun-accord-pour-la-vente-de-son-activite-informatique-commerciale-aux-etats-unis-a-trace3\/","og_site_name":"Ressources","article_modified_time":"2026-08-26T11:25:20+00:00","og_image":[{"url":"https:\/\/sites.calian.com\/app\/uploads\/sites\/11\/2026\/06\/SC-Project-Community-1-1024x536.png","type":"","width":"","height":""}],"twitter_card":"summary_large_image","twitter_misc":{"Est. reading time":"3 minutes"},"schema":{"@context":"https:\/\/schema.org","@graph":[{"@type":"WebPage","@id":"https:\/\/www.calian.com\/resources\/fr\/medias\/calian-annonce-la-conclusion-dun-accord-pour-la-vente-de-son-activite-informatique-commerciale-aux-etats-unis-a-trace3\/","url":"https:\/\/www.calian.com\/resources\/fr\/medias\/calian-annonce-la-conclusion-dun-accord-pour-la-vente-de-son-activite-informatique-commerciale-aux-etats-unis-a-trace3\/","name":"Calian annonce la conclusion d'un accord en vue de la cession de son activit\u00e9 informatique commerciale aux \u00c9tats-Unis \u00e0 Trace3 - Ressources","isPartOf":{"@id":"https:\/\/www.calian.com\/resources\/fr\/#website"},"primaryImageOfPage":{"@id":"https:\/\/www.calian.com\/resources\/fr\/medias\/calian-annonce-la-conclusion-dun-accord-pour-la-vente-de-son-activite-informatique-commerciale-aux-etats-unis-a-trace3\/#primaryimage"},"image":{"@id":"https:\/\/www.calian.com\/resources\/fr\/medias\/calian-annonce-la-conclusion-dun-accord-pour-la-vente-de-son-activite-informatique-commerciale-aux-etats-unis-a-trace3\/#primaryimage"},"thumbnailUrl":"https:\/\/sites.calian.com\/app\/uploads\/sites\/11\/2025\/11\/Calian-logo.png","datePublished":"2026-08-26T11:24:26+00:00","dateModified":"2026-08-26T11:25:20+00:00","breadcrumb":{"@id":"https:\/\/www.calian.com\/resources\/fr\/medias\/calian-annonce-la-conclusion-dun-accord-pour-la-vente-de-son-activite-informatique-commerciale-aux-etats-unis-a-trace3\/#breadcrumb"},"inLanguage":"fr-FR","potentialAction":[{"@type":"ReadAction","target":["https:\/\/www.calian.com\/resources\/fr\/medias\/calian-annonce-la-conclusion-dun-accord-pour-la-vente-de-son-activite-informatique-commerciale-aux-etats-unis-a-trace3\/"]}]},{"@type":"ImageObject","inLanguage":"fr-FR","@id":"https:\/\/www.calian.com\/resources\/fr\/medias\/calian-annonce-la-conclusion-dun-accord-pour-la-vente-de-son-activite-informatique-commerciale-aux-etats-unis-a-trace3\/#primaryimage","url":"https:\/\/sites.calian.com\/app\/uploads\/sites\/11\/2025\/11\/Calian-logo.png","contentUrl":"https:\/\/sites.calian.com\/app\/uploads\/sites\/11\/2025\/11\/Calian-logo.png","width":1040,"height":581},{"@type":"BreadcrumbList","@id":"https:\/\/www.calian.com\/resources\/fr\/medias\/calian-annonce-la-conclusion-dun-accord-pour-la-vente-de-son-activite-informatique-commerciale-aux-etats-unis-a-trace3\/#breadcrumb","itemListElement":[{"@type":"ListItem","position":1,"name":"Accueil","item":"https:\/\/www.calian.com\/resources\/fr\/medias\/"},{"@type":"ListItem","position":2,"name":"Calian annonce la conclusion d&#8217;un accord en vue de la cession de son activit\u00e9 informatique commerciale aux \u00c9tats-Unis \u00e0 Trace3"}]},{"@type":"WebSite","@id":"https:\/\/www.calian.com\/resources\/fr\/#website","url":"https:\/\/www.calian.com\/resources\/fr\/","name":"Ressources","description":"","potentialAction":[{"@type":"SearchAction","target":{"@type":"EntryPoint","urlTemplate":"https:\/\/www.calian.com\/resources\/fr\/?s={search_term_string}"},"query-input":{"@type":"PropertyValueSpecification","valueRequired":true,"valueName":"search_term_string"}}],"inLanguage":"fr-FR"}]}},"_links":{"self":[{"href":"https:\/\/resources.calian.com\/fr\/wp-json\/wp\/v2\/news-media\/6826","targetHints":{"allow":["GET"]}}],"collection":[{"href":"https:\/\/resources.calian.com\/fr\/wp-json\/wp\/v2\/news-media"}],"about":[{"href":"https:\/\/resources.calian.com\/fr\/wp-json\/wp\/v2\/types\/news-media"}],"wp:featuredmedia":[{"embeddable":true,"href":"https:\/\/resources.calian.com\/fr\/wp-json\/wp\/v2\/media\/5806"}],"wp:attachment":[{"href":"https:\/\/resources.calian.com\/fr\/wp-json\/wp\/v2\/media?parent=6826"}],"wp:term":[{"taxonomy":"category","embeddable":true,"href":"https:\/\/resources.calian.com\/fr\/wp-json\/wp\/v2\/categories?post=6826"},{"taxonomy":"business_unit","embeddable":true,"href":"https:\/\/resources.calian.com\/fr\/wp-json\/wp\/v2\/business_unit?post=6826"},{"taxonomy":"solution","embeddable":true,"href":"https:\/\/resources.calian.com\/fr\/wp-json\/wp\/v2\/solution?post=6826"},{"taxonomy":"industry","embeddable":true,"href":"https:\/\/resources.calian.com\/fr\/wp-json\/wp\/v2\/industry?post=6826"},{"taxonomy":"type_classification","embeddable":true,"href":"https:\/\/resources.calian.com\/fr\/wp-json\/wp\/v2\/type_classification?post=6826"},{"taxonomy":"news_media_type","embeddable":true,"href":"https:\/\/resources.calian.com\/fr\/wp-json\/wp\/v2\/news_media_type?post=6826"},{"taxonomy":"fiscal_year","embeddable":true,"href":"https:\/\/resources.calian.com\/fr\/wp-json\/wp\/v2\/fiscal_year?post=6826"}],"curies":[{"name":"wp","href":"https:\/\/api.w.org\/{rel}","templated":true}]}}